{"id":2545,"date":"2022-11-17T10:53:43","date_gmt":"2022-11-17T09:53:43","guid":{"rendered":"https:\/\/www.land-water-blog.de\/?p=2545"},"modified":"2023-12-12T13:09:38","modified_gmt":"2023-12-12T12:09:38","slug":"2023-expedition-besonderes-jahr","status":"publish","type":"post","link":"https:\/\/www.land-water-blog.de\/en\/2023-expedition-besonderes-jahr\/","title":{"rendered":"2023 - Expedition into a very special year"},"content":{"rendered":"<p><em>Im November 2022 haben wir uns mit einem R\u00fcckblick in eine sehr sch\u00f6ne Saison und einem Vorblick auf ein ganz besonderes Jahr an die Empf\u00e4nger unseres <em><a rel=\"noreferrer noopener\" href=\"https:\/\/land-water-adventures.com\/de\/newsletter\" target=\"_blank\">Newsletters<\/a><\/em> gewandt. Da es diesmal Geschichten mit Geschichte geworden sind, m\u00f6chten wir diese hier teilen und w\u00fcnschen viel Spa\u00df beim Lesen.<\/em><\/p>\n\n\n\n<p><strong>Hinter uns liegt eine der sch\u00f6nsten Saisons der LWA-Zeit, wir konnten wieder Expeditionsluft atmen, ganz neue Ziele entdecken und an den schon bekannten Orten sch\u00f6ne, gemeinsame Zeiten mit euch verbringen. Daf\u00fcr sind wir unglaublich dankbar! Und es war ein perfekter Prolog f\u00fcr ein besonderes Jahr 2023, das unseres 10-j\u00e4hrigen Jubil\u00e4ums n\u00e4mlich.<\/strong><\/p>\n\n\n\n<p>Wegen dieses Jubil\u00e4ums weben wir ein wenig LWA-Geschichte in diesen und die n\u00e4chsten Newsletter. In diesem Newsletter ist jeder der Menschen, aus denen das LWA-Team besteht und die Herz und Seele von LWA sind, genau einmal verlinkt. Wir w\u00fcnschen viel Spa\u00df dabei, all das hier und da zu entdecken, vielleicht sogar als Lekt\u00fcre f\u00fcr die kalten Tage, die kommen.<\/p>\n\n\n\n<p>Vor einigen Wochen haben wir nun die Boote an Land gezogen und diese Saison freudig abgeschlossen. Hinter den Kulissen werkeln wir jedoch nat\u00fcrlich schon seit langem an der N\u00e4chsten, feilen an den kommenden Abenteuern und genie\u00dfen gleichzeitig ein wenig die Ruhe der Off-Season.<\/p>\n\n\n\n<p>Aus diesem kurzen Moment des Innehaltens heraus nehmen wir euch mit zu einem&nbsp;Blick in das besondere Jahr 2023. Euch erwarten Specials, Expeditionen, Multiday und wundersch\u00f6ne Wildwasser-Locations auf unseren ein- und mehrt\u00e4gigen Kursen.<\/p>\n\n\n\n<p><strong>Sitzt ihr gem\u00fctlich? Dann lasst uns ein paar Geschichten erz\u00e4hlen.<\/strong><\/p>\n\n\n\n<!--more-->\n\n\n\n<hr class=\"wp-block-separator has-alpha-channel-opacity is-style-wide\"\/>\n\n\n\n<p><strong>Aber wartet, es kommt dieses Jahr noch etwas: Ganz ohne Paddeln steht noch das Abschluss-Highlight 2022 an.<\/strong><\/p>\n\n\n\n<h5 class=\"has-text-align-center wp-block-heading\">Unser LWA-Weihnachtsmarkt<br>am Samstag, 3. Dezember<\/h5>\n\n\n\n<p>Die Premiere im letzten Jahr war so sch\u00f6n, da war schnell klar, dass wir das wiederholen. Und so treffen wir uns am 3. Dezember 2022 ab 16 Uhr auf unserer&nbsp;<a href=\"https:\/\/land-water-adventures.com\/de\/base\" target=\"_blank\" rel=\"noreferrer noopener\">LWA-Base<\/a>&nbsp;in Neustadt an der Weinstra\u00dfe bei winterlichen Leckereien und Hei\u00dfgetr\u00e4nken zu gem\u00fctlichem und lockerem Beisammensein. Ihr seid herzlich eingeladen, wir freuen uns auf euer Kommen! Nat\u00fcrlich l\u00e4sst sich das wunderbar mit einem kleinen Kurzurlaub an der Weinstra\u00dfe verbinden, dazu geben wir gern Tipps.<\/p>\n\n\n\n<p class=\"has-text-align-center\"><strong>Alle Informationen, einige Eindr\u00fccke vom letzten Jahr, das Programm und die Anmeldung findet ihr hier: <\/strong><a rel=\"noreferrer noopener\" href=\"https:\/\/land-water-adventures.com\/de\/lwa-teilnehmertreffen\/weihnachtsmarkt\" target=\"_blank\">Zum LWA-Weihnachtsmarkt<\/a><\/p>\n\n\n\n<p>Eure unverbindliche Anmeldung ist nicht notwendig, hilft uns aber beim Planen. Wir freuen uns&nbsp;nat\u00fcrlich auch \u00fcber Spontanbesuche.<\/p>\n\n\n\n<figure class=\"wp-block-gallery has-nested-images columns-default is-cropped wp-block-gallery-1 is-layout-flex wp-block-gallery-is-layout-flex\">\n<figure class=\"wp-block-image size-large\"><img loading=\"lazy\" decoding=\"async\" width=\"644\" height=\"403\" data-id=\"2554\" src=\"https:\/\/www.land-water-blog.de\/wp-content\/uploads\/2022\/11\/lwa-PXL_20211204_160018294.MP-2400px-644x403.jpg\" alt=\"\" class=\"wp-image-2554\" srcset=\"https:\/\/www.land-water-blog.de\/wp-content\/uploads\/2022\/11\/lwa-PXL_20211204_160018294.MP-2400px-644x403.jpg 644w, https:\/\/www.land-water-blog.de\/wp-content\/uploads\/2022\/11\/lwa-PXL_20211204_160018294.MP-2400px-300x188.jpg 300w, https:\/\/www.land-water-blog.de\/wp-content\/uploads\/2022\/11\/lwa-PXL_20211204_160018294.MP-2400px-768x480.jpg 768w, https:\/\/www.land-water-blog.de\/wp-content\/uploads\/2022\/11\/lwa-PXL_20211204_160018294.MP-2400px-1536x960.jpg 1536w, https:\/\/www.land-water-blog.de\/wp-content\/uploads\/2022\/11\/lwa-PXL_20211204_160018294.MP-2400px-2048x1280.jpg 2048w, https:\/\/www.land-water-blog.de\/wp-content\/uploads\/2022\/11\/lwa-PXL_20211204_160018294.MP-2400px-18x12.jpg 18w, https:\/\/www.land-water-blog.de\/wp-content\/uploads\/2022\/11\/lwa-PXL_20211204_160018294.MP-2400px-1140x713.jpg 1140w\" sizes=\"auto, (max-width: 644px) 100vw, 644px\" \/><\/figure>\n\n\n\n<figure class=\"wp-block-image size-large\"><img loading=\"lazy\" decoding=\"async\" width=\"644\" height=\"403\" data-id=\"2553\" src=\"https:\/\/www.land-water-blog.de\/wp-content\/uploads\/2022\/11\/lwa-PC040109-2400px-644x403.jpg\" alt=\"\" class=\"wp-image-2553\" srcset=\"https:\/\/www.land-water-blog.de\/wp-content\/uploads\/2022\/11\/lwa-PC040109-2400px-644x403.jpg 644w, https:\/\/www.land-water-blog.de\/wp-content\/uploads\/2022\/11\/lwa-PC040109-2400px-300x188.jpg 300w, https:\/\/www.land-water-blog.de\/wp-content\/uploads\/2022\/11\/lwa-PC040109-2400px-768x480.jpg 768w, https:\/\/www.land-water-blog.de\/wp-content\/uploads\/2022\/11\/lwa-PC040109-2400px-1536x960.jpg 1536w, https:\/\/www.land-water-blog.de\/wp-content\/uploads\/2022\/11\/lwa-PC040109-2400px-2048x1280.jpg 2048w, https:\/\/www.land-water-blog.de\/wp-content\/uploads\/2022\/11\/lwa-PC040109-2400px-18x12.jpg 18w, https:\/\/www.land-water-blog.de\/wp-content\/uploads\/2022\/11\/lwa-PC040109-2400px-1140x713.jpg 1140w\" sizes=\"auto, (max-width: 644px) 100vw, 644px\" \/><\/figure>\n<\/figure>\n\n\n\n<div style=\"height:44px\" aria-hidden=\"true\" class=\"wp-block-spacer\"><\/div>\n\n\n\n<h4 class=\"has-text-align-center wp-block-heading\">Und dann kommt 2023 &#8211; Habt ihr schon was vor?<br>Wir h\u00e4tten da so einiges:<\/h4>\n\n\n\n<p>Das n\u00e4chste Jahr steht im Zeichen des bekannten Dreigestirns aus Multiday, Wildwasser und unseren Expeditionen &#8211; alles im Lichte unseres Jubil\u00e4ums. Wir planen deswegen verschiedene Specials f\u00fcr unsere StammteilnehmerInnen w\u00e4hrend der Hunsr\u00fcck-Touren (mittlerweile haben sie Kultfaktor) mit Sebastian, an der Soca (diesem wundersch\u00f6nen Fleckchen Erde) mit Andi und in Norwegen (der ersten Expeditionslocation von LWA) mit Sebastian.<strong><br><br><\/strong>Unser Jubil\u00e4um werden wir au\u00dferdem &#8211; auch das steht schon fest &#8211; als gro\u00dfes Event zum Saisonende mit euch feiern. Daher, gleich f\u00fcr euren Kalender:<\/p>\n\n\n\n<h5 class=\"has-text-align-center wp-block-heading\">Save the date!<\/h5>\n\n\n\n<p><strong>Unser gro\u00dfer Jubil\u00e4ums-Saisonabschluss findet am 23. &#8211; 24. September 2023 auf dem Campingplatz Nahe-Alsenz-Eck in Bad M\u00fcnster am Stein-Ebernburg statt, diesem f\u00fcr uns besonderen Ort, an dem 2014 der erste Packrafting-Tageskurs \u00fcberhaupt startete.<\/strong><\/p>\n\n\n\n<p>Wir freuen uns auf alle, die schon jetzt wissen, dass sie&nbsp;dabei sein werden und unser Jubil\u00e4umsjahr mit uns feiern m\u00f6chten. Details zum Programm ver\u00f6ffentlichen wir im Laufe des Sommers. Bis dahin findet ihr alle Infos und die Anmeldung hier:&nbsp;<a rel=\"noreferrer noopener\" href=\"https:\/\/www.land-water-adventures.com\/de\/lwa-teilnehmertreffen\/saisonabschluss\" target=\"_blank\">Zum Saisonabschluss 2023<\/a><\/p>\n\n\n\n<hr class=\"wp-block-separator has-alpha-channel-opacity is-style-wide\"\/>\n\n\n\n<h4 class=\"has-text-align-center wp-block-heading\">Vorher aber geht es im Juni und Juli auf die gro\u00dfen Abenteuer<\/h4>\n\n\n\n<p>Wie immer haben diese gro\u00dfen Abenteuer &#8211; unsere Expeditionen &#8211; verschiedene Voraussetzungen und wie immer schauen wir gern mit euch pers\u00f6nlich, was zu euch passt und wie eine eventuelle individuelle Vorbereitung aussehen kann.<\/p>\n\n\n\n<h5 class=\"wp-block-heading\">Apropos Vorbereitung und ein kleiner Vorblick auf sp\u00e4ter in dieser Geschichte:<\/h5>\n\n\n\n<div class=\"wp-block-media-text alignwide is-stacked-on-mobile\"><figure class=\"wp-block-media-text__media\"><img loading=\"lazy\" decoding=\"async\" width=\"644\" height=\"403\" src=\"https:\/\/www.land-water-blog.de\/wp-content\/uploads\/2022\/11\/lwa-P4060258-2400px-644x403.jpg\" alt=\"\" class=\"wp-image-2549 size-full\" srcset=\"https:\/\/www.land-water-blog.de\/wp-content\/uploads\/2022\/11\/lwa-P4060258-2400px-644x403.jpg 644w, https:\/\/www.land-water-blog.de\/wp-content\/uploads\/2022\/11\/lwa-P4060258-2400px-300x188.jpg 300w, https:\/\/www.land-water-blog.de\/wp-content\/uploads\/2022\/11\/lwa-P4060258-2400px-768x480.jpg 768w, https:\/\/www.land-water-blog.de\/wp-content\/uploads\/2022\/11\/lwa-P4060258-2400px-1536x960.jpg 1536w, https:\/\/www.land-water-blog.de\/wp-content\/uploads\/2022\/11\/lwa-P4060258-2400px-2048x1280.jpg 2048w, https:\/\/www.land-water-blog.de\/wp-content\/uploads\/2022\/11\/lwa-P4060258-2400px-18x12.jpg 18w, https:\/\/www.land-water-blog.de\/wp-content\/uploads\/2022\/11\/lwa-P4060258-2400px-1140x713.jpg 1140w\" sizes=\"auto, (max-width: 644px) 100vw, 644px\" \/><\/figure><div class=\"wp-block-media-text__content\">\n<p><em>Einer der spannendsten und lehrreichsten&nbsp;<a rel=\"noreferrer noopener\" href=\"https:\/\/www.land-water-adventures.com\/de\/touren-kurse\/multiday\" target=\"_blank\">Multiday-Kurse<\/a>&nbsp;zur Vorbereitung oder als eigenst\u00e4ndiges Abenteuer ist &#8211; das melden uns seit Jahren unsere TeilnehmerInnen zur\u00fcck &#8211; der&nbsp;<a rel=\"noreferrer noopener\" href=\"https:\/\/www.land-water-adventures.com\/en\/trainings-expeditions\/hunsrueck\" target=\"_blank\">Multiday-Packrafting-Kurs Hunsr\u00fcck-Tour<\/a>. Dort hat vieles mit LWA begonnen; die \u00dcbernachtungen auf einer alten Burgruine und mittlerweile in einem Schlossgarten mit Ausblick sind so einmalig, dass manche immer wieder kommen. Dazu gibt es weiter unten mehr Details, Blogbeitr\u00e4ge und ein Video.<\/em><\/p>\n<\/div><\/div>\n\n\n\n<h5 class=\"wp-block-heading\">Aber nun weiter in der Geschichte&#8230;<\/h5>\n\n\n\n<p>Multiday-Kurse machen oft Lust auf die ganz gro\u00dfe Freiheit und aus diesem Wunsch von einigen der ersten Hunsr\u00fcck-TeilnehmerInnen ist&nbsp;<a rel=\"noreferrer noopener\" href=\"https:\/\/www.land-water-adventures.com\/en\/team\/profile-sebastian\" target=\"_blank\">Sebastian<\/a>&nbsp;2015 das erste Mal mit G\u00e4sten ins Grenzgebiet von Norwegen und Schweden auf Expeditionstour gegangen.&nbsp;Aus dieser Tour ist&nbsp;dann der Expeditionskurs Norwegen geworden.<\/p>\n\n\n\n<p>Es ist ein sch\u00f6ner Zufall, dass f\u00fcr 2023, in dem eigentlich aus Termin- und Personalgr\u00fcnden kein solcher Kurs geplant war, Sebastian von einer Gruppe langj\u00e4hriger TeilnehmerInnen genau nach diesem Kurs gefragt wurde. Mit der Lust, auch wieder&nbsp;einmal dort unterwegs zu sein,&nbsp;wo Susanne und&nbsp;<a href=\"https:\/\/www.land-water-adventures.com\/de\/team\/profil-jochen\" target=\"_blank\" rel=\"noreferrer noopener\">Jochen<\/a>&nbsp;&#8211; LWA Urgestein und fast von Anfang an dabei &#8211; seit einigen Jahren den Expeditionskurs leiten, und mit Vorfreude auf (hoffentlich) Schnee und anspruchsvolle Bedingungen so fr\u00fch im Sommer (Anfang Juni)&nbsp;wird er eine Gruppe dorthin&nbsp;mitnehmen, wo die LWA-Expeditionen begonnen haben. Daher:<\/p>\n\n\n\n<h5 class=\"wp-block-heading\"><br>Juni 2023, Norwegen ruft!<\/h5>\n\n\n\n<p>Die Durchf\u00fchrung ist gesichert, 1-2 Pl\u00e4tze sind noch frei vom 3 &#8211; 10. Juni 2023, bei Interesse am&nbsp;<strong><a rel=\"noreferrer noopener\" href=\"https:\/\/www.land-water-adventures.com\/en\/trainings-expeditions\/norway\" target=\"_blank\">Special unseres&nbsp;Expeditionskurses Norwegen<\/a><\/strong>&nbsp;meldet euch!<\/p>\n\n\n\n<figure class=\"wp-block-image size-large\"><img loading=\"lazy\" decoding=\"async\" width=\"644\" height=\"476\" src=\"https:\/\/www.land-water-blog.de\/wp-content\/uploads\/2022\/11\/lwa-IMG_8703-2400px-644x476.jpg\" alt=\"\" class=\"wp-image-2548\" srcset=\"https:\/\/www.land-water-blog.de\/wp-content\/uploads\/2022\/11\/lwa-IMG_8703-2400px-644x476.jpg 644w, https:\/\/www.land-water-blog.de\/wp-content\/uploads\/2022\/11\/lwa-IMG_8703-2400px-300x222.jpg 300w, https:\/\/www.land-water-blog.de\/wp-content\/uploads\/2022\/11\/lwa-IMG_8703-2400px-768x568.jpg 768w, https:\/\/www.land-water-blog.de\/wp-content\/uploads\/2022\/11\/lwa-IMG_8703-2400px-1536x1136.jpg 1536w, https:\/\/www.land-water-blog.de\/wp-content\/uploads\/2022\/11\/lwa-IMG_8703-2400px-2048x1515.jpg 2048w, https:\/\/www.land-water-blog.de\/wp-content\/uploads\/2022\/11\/lwa-IMG_8703-2400px-16x12.jpg 16w, https:\/\/www.land-water-blog.de\/wp-content\/uploads\/2022\/11\/lwa-IMG_8703-2400px-1140x843.jpg 1140w\" sizes=\"auto, (max-width: 644px) 100vw, 644px\" \/><\/figure>\n\n\n\n<p><\/p>\n\n\n\n<p>Zeitlich parallel zu Norwegen und doch in einer ganz anderen Welt tauchen wir nun zum zweiten Mal ein in das Abenteuer Albanien:&nbsp;<a rel=\"noreferrer noopener\" href=\"https:\/\/www.land-water-adventures.com\/de\/team\/profil-susanne\" target=\"_blank\">Susannes<\/a>&nbsp;Herzensprojekt und&nbsp;ein Ergebnis von jahrelanger Planung, die schon 2018 begann. Die Wege von Susanne und Sebastian haben sich 2016 durch einen beruflichen Zufall gekreuzt und schnell war klar, dass es da eine besondere Verbindung gibt. Seitdem ist Susanne aus dem LWA-Team nicht mehr wegzudenken und ohne sie h\u00e4tte es vermutlich nie eine LWA-Albanien-Tour gegeben. Und auch wenn sie 2023 nicht dabei sein kann, wird sie die Tour aus dem Backoffice mit Leidenschaft organisatorisch begleiten.<\/p>\n\n\n\n<h3 class=\"wp-block-heading\">&nbsp;<\/h3>\n\n\n\n<h5 class=\"wp-block-heading\">Juni 2023, Abenteuer und Kultur: Albanien<\/h5>\n\n\n\n<p>Die Albanien-Crew um&nbsp;<a rel=\"noreferrer noopener\" href=\"https:\/\/land-water-adventures.com\/en\/team\/profile-johannes\" target=\"_blank\">Johannes<\/a>&nbsp;und Andi macht sich also in der zweiten Auflage der<strong>&nbsp;<a rel=\"noreferrer noopener\" href=\"https:\/\/www.land-water-adventures.com\/en\/trainings-expeditions\/albania\" target=\"_blank\">Expeditionstour auf Vjosa und Osum<\/a><\/strong>&nbsp;im Juni auf den Weg. Einen Bericht und einen Film der Premiere haben wir euch weiter unten verlinkt. Eine Anfrage zur Teilnahme dieser Expeditionstour steht&nbsp;<a rel=\"noreferrer noopener\" href=\"https:\/\/www.land-water-adventures.com\/de\/touren-kurse\/multiday\" target=\"_blank\">Multiday<\/a>&#8211; und&nbsp;<a rel=\"noreferrer noopener\" href=\"https:\/\/www.land-water-adventures.com\/de\/touren-kurse\/#wildwasser\" target=\"_blank\">Wildwassererfahrenen<\/a>&nbsp;PackrafterInnen offen, die Durchf\u00fchrung ist gesichert, noch sind 2 Pl\u00e4tze frei und wie bei allen Expeditionen gibt das Guide-Team eine m\u00f6gliche Teilnahme frei.<\/p>\n\n\n\n<figure class=\"wp-block-image size-large\"><a href=\"https:\/\/land-water-adventures.com\/de\/touren-kurse\/expeditionen\/albanien\"><img loading=\"lazy\" decoding=\"async\" width=\"644\" height=\"362\" src=\"https:\/\/www.land-water-blog.de\/wp-content\/uploads\/2022\/11\/lwa-P6080560.MOV.03_42_53_22.Standbild002-2400px-644x362.jpg\" alt=\"\" class=\"wp-image-2550\" srcset=\"https:\/\/www.land-water-blog.de\/wp-content\/uploads\/2022\/11\/lwa-P6080560.MOV.03_42_53_22.Standbild002-2400px-644x362.jpg 644w, https:\/\/www.land-water-blog.de\/wp-content\/uploads\/2022\/11\/lwa-P6080560.MOV.03_42_53_22.Standbild002-2400px-300x169.jpg 300w, https:\/\/www.land-water-blog.de\/wp-content\/uploads\/2022\/11\/lwa-P6080560.MOV.03_42_53_22.Standbild002-2400px-768x432.jpg 768w, https:\/\/www.land-water-blog.de\/wp-content\/uploads\/2022\/11\/lwa-P6080560.MOV.03_42_53_22.Standbild002-2400px-1536x864.jpg 1536w, https:\/\/www.land-water-blog.de\/wp-content\/uploads\/2022\/11\/lwa-P6080560.MOV.03_42_53_22.Standbild002-2400px-2048x1152.jpg 2048w, https:\/\/www.land-water-blog.de\/wp-content\/uploads\/2022\/11\/lwa-P6080560.MOV.03_42_53_22.Standbild002-2400px-18x10.jpg 18w, https:\/\/www.land-water-blog.de\/wp-content\/uploads\/2022\/11\/lwa-P6080560.MOV.03_42_53_22.Standbild002-2400px-1140x641.jpg 1140w\" sizes=\"auto, (max-width: 644px) 100vw, 644px\" \/><\/a><\/figure>\n\n\n\n<p><\/p>\n\n\n\n<p>Ein paar Wochen sp\u00e4ter dann beginnt eines der gr\u00f6\u00dften Abenteuer der LWA-Geschichte. Ein lang gehegter Expeditionstraum und ein Projekt, das damals, 2018 von&nbsp;<a rel=\"noreferrer noopener\" href=\"https:\/\/www.land-water-adventures.com\/de\/team\/profil-peter\" target=\"_blank\">Peter<\/a>&nbsp;initiiert&nbsp;und von Sebastian und Peter geplant wurde. Es ist verbunden mit einer seltenen und aufw\u00e4ndigen Lizenz, im Kluane National Park and Reserve guiden zu d\u00fcrfen, und kann&nbsp;nun von Sebastian und&nbsp;<a rel=\"noreferrer noopener\" href=\"https:\/\/www.land-water-adventures.com\/de\/team\/profil-jannis\" target=\"_blank\">Jannis<\/a>&nbsp;im Juli 2023 endlich in die Tat umgesetzt werden.<\/p>\n\n\n\n<h3 class=\"wp-block-heading\">&nbsp;<\/h3>\n\n\n\n<h5 class=\"wp-block-heading\">Juli 2023,&nbsp;B\u00e4renland, Sehnsuchtsort und Wildnis: Unterwegs&nbsp;im Yukon Territory, Kanada<\/h5>\n\n\n\n<p>Die kleine Gruppe erfahrener StammteilnehmerInnen, die uns teils seit 2019 in Wartestellung f\u00fcr diese Expedition die Treue halten (Dankesch\u00f6n!), startet&nbsp;Mitte Juli 2023 in dieses Abenteuer. 8 Tage lang werden sie dann im Yukon Terrority im Westen Kanadas unterwegs sein. Auch sind noch 1-2&nbsp; Pl\u00e4tze f\u00fcr fitte, sowohl Multiday- als auch Wildwassererfahrene TeilnehmerInnen frei.&nbsp;Wenn euch das Abenteuer ruft, meldet euch.<\/p>\n\n\n\n<p><strong>Die Guide-Fl\u00fcge sind gebucht, die Logistik steht bis ins Detail, wir k\u00f6nnen es kaum erwarten!<\/strong>&nbsp;<strong>Stay tuned, wir werden berichten.<\/strong><\/p>\n\n\n\n<figure class=\"wp-block-image size-large\"><img loading=\"lazy\" decoding=\"async\" width=\"644\" height=\"427\" src=\"https:\/\/www.land-water-blog.de\/wp-content\/uploads\/2022\/11\/50098396962_52bddc3b8c_c_Kathleen-Lake-Kluane-National-Park-and-Reserve-Yukon-by-Wikimedia-Canada-is-licensed-under-CC-BY-SA-2.0-644x427.jpg\" alt=\"\" class=\"wp-image-2557\" srcset=\"https:\/\/www.land-water-blog.de\/wp-content\/uploads\/2022\/11\/50098396962_52bddc3b8c_c_Kathleen-Lake-Kluane-National-Park-and-Reserve-Yukon-by-Wikimedia-Canada-is-licensed-under-CC-BY-SA-2.0-644x427.jpg 644w, https:\/\/www.land-water-blog.de\/wp-content\/uploads\/2022\/11\/50098396962_52bddc3b8c_c_Kathleen-Lake-Kluane-National-Park-and-Reserve-Yukon-by-Wikimedia-Canada-is-licensed-under-CC-BY-SA-2.0-300x199.jpg 300w, https:\/\/www.land-water-blog.de\/wp-content\/uploads\/2022\/11\/50098396962_52bddc3b8c_c_Kathleen-Lake-Kluane-National-Park-and-Reserve-Yukon-by-Wikimedia-Canada-is-licensed-under-CC-BY-SA-2.0-768x509.jpg 768w, https:\/\/www.land-water-blog.de\/wp-content\/uploads\/2022\/11\/50098396962_52bddc3b8c_c_Kathleen-Lake-Kluane-National-Park-and-Reserve-Yukon-by-Wikimedia-Canada-is-licensed-under-CC-BY-SA-2.0-18x12.jpg 18w, https:\/\/www.land-water-blog.de\/wp-content\/uploads\/2022\/11\/50098396962_52bddc3b8c_c_Kathleen-Lake-Kluane-National-Park-and-Reserve-Yukon-by-Wikimedia-Canada-is-licensed-under-CC-BY-SA-2.0.jpg 800w\" sizes=\"auto, (max-width: 644px) 100vw, 644px\" \/><figcaption class=\"wp-element-caption\"><a href=\"https:\/\/www.flickr.com\/photos\/189257479@N02\/50098396962\">&#8222;Kathleen Lake &#8211; Kluane National Park and Reserve &#8211; Yukon&#8220;<\/a>&nbsp;by&nbsp;<a href=\"https:\/\/www.flickr.com\/photos\/189257479@N02\">Wikimedia Canada<\/a>&nbsp;is licensed under&nbsp;<a href=\"https:\/\/creativecommons.org\/licenses\/by-sa\/2.0\/?ref=ccsearch&amp;atype=html\">CC BY-SA 2.0<\/a><\/figcaption><\/figure>\n\n\n\n<hr class=\"wp-block-separator has-alpha-channel-opacity is-style-wide\"\/>\n\n\n\n<h5 class=\"wp-block-heading\">Multiday und Wildwasser &#8211; Kern und Anfang von Allem<\/h5>\n\n\n\n<p>Als Sebastian 2012 und 2013 mit Rucksack und Packraft durch den Hunsr\u00fcck gezogen ist, gab es noch keine Multiday-Kurse, keine Hunsr\u00fcck-Tour und Land Water Adventures war zuerst noch eine lang gehegte Idee (2012) und dann eine Idee auf dem Weg zu einem realen Projekt (2013). Im Fr\u00fchjahr 2014 starteten&nbsp;<a href=\"https:\/\/www.land-water-blog.de\/erste-hunsruck-querung-mit-rucksack-und-boot-3-tage-abenteuer-land-fluss-trekking\/\" data-type=\"post\" data-id=\"129\" target=\"_blank\" rel=\"noreferrer noopener\">die ersten TeilnehmerInnen in eine Urvariante<\/a> des jetzigen Multitday-Packrafting-Kurses&nbsp;<a href=\"https:\/\/www.land-water-adventures.com\/en\/trainings-expeditions\/hunsrueck\" target=\"_blank\" rel=\"noreferrer noopener\">Hunsr\u00fcck-Tour<\/a>.&nbsp;Seitdem ist viel passiert.<\/p>\n\n\n\n<p><\/p>\n\n\n\n<figure class=\"wp-block-embed is-type-video is-provider-youtube wp-block-embed-youtube wp-embed-aspect-16-9 wp-has-aspect-ratio\"><div class=\"wp-block-embed__wrapper\">\n<iframe loading=\"lazy\" title=\"Multiday Packrafting Hunsr\u00fcck\" width=\"960\" height=\"540\" src=\"https:\/\/www.youtube.com\/embed\/IyJbyYCqqdk?feature=oembed\" frameborder=\"0\" allow=\"accelerometer; autoplay; clipboard-write; encrypted-media; gyroscope; picture-in-picture\" allowfullscreen><\/iframe>\n<\/div><\/figure>\n\n\n\n<p><\/p>\n\n\n\n<p>Ein paar Monate sp\u00e4ter im selben Jahr waren Sebastian und&nbsp;<a rel=\"noreferrer noopener\" href=\"https:\/\/www.land-water-adventures.com\/en\/team\/profile-peter\" target=\"_blank\">Andi<\/a>&nbsp;vielleicht die einzigen Packrafter auf der So\u010da, die Strecken und Trails, Abschnitte und Zustiege des wundersch\u00f6nen Flusstals in Slowenien erkundeten, bevor dann im September 2014 der erste LWA Soca-Kurs stattfand. Mehr als alles andere ist f\u00fcr unsere Wildwasser-Kurse Andis ureigene Begeisterung f\u00fcr Wildwasser, seine Expertise und sein unnachahmliches Nordish by Nature in LWA eingeflossen. Und so werden die beiden Freunde auch 2023 wieder&nbsp;<a rel=\"noreferrer noopener\" href=\"https:\/\/www.land-water-adventures.com\/en\/trainings-expeditions\/soca\" target=\"_blank\">mit euch in die Wellen der&nbsp;So\u010da<\/a>&nbsp;tauchen.<\/p>\n\n\n\n<p><\/p>\n\n\n\n<figure class=\"wp-block-embed is-type-video is-provider-youtube wp-block-embed-youtube wp-embed-aspect-16-9 wp-has-aspect-ratio\"><div class=\"wp-block-embed__wrapper\">\n<iframe loading=\"lazy\" title=\"Teaser Wildwasser Packrafting Kurse \/ Whitewater Packrafting Trainings Soca Valley\" width=\"960\" height=\"540\" src=\"https:\/\/www.youtube.com\/embed\/EP1He5Tg2zY?feature=oembed\" frameborder=\"0\" allow=\"accelerometer; autoplay; clipboard-write; encrypted-media; gyroscope; picture-in-picture\" allowfullscreen><\/iframe>\n<\/div><\/figure>\n\n\n\n<p><\/p>\n\n\n\n<p><strong>Die Begeisterung f\u00fcr das, was Packrafting f\u00fcr uns ist, ist in all dieser Zeit geblieben und wir brennen daf\u00fcr wie zu Beginn. Die Faszination, autark, mit einem Paddel im Rucksack unterwegs zu sein, mehrere Tage auf sich gestellt und\/oder spannende (Wildwasser-)Fl\u00fcsse zu befahren, ist ungebrochen und l\u00e4sst uns LWA mit dem Herzblut betreiben, das ihr sp\u00fcrt.<\/strong><\/p>\n\n\n\n<p>Daher werden wir noch einmal mit einem ganz besonderen Gef\u00fchl in die&nbsp;<a rel=\"noreferrer noopener\" href=\"https:\/\/www.land-water-adventures.com\/en\/trainings-expeditions\/hunsrueck\" target=\"_blank\">Multiday-Kurse<\/a>&nbsp;sowie in die&nbsp;<a rel=\"noreferrer noopener\" href=\"https:\/\/www.land-water-adventures.com\/en\/trainings-expeditions\/soca\" target=\"_blank\">So\u010da-Kurse<\/a>&nbsp;in diesem Jahr starten. Sie waren die ersten Projekte und sie bleiben besonders. Warum?<\/p>\n\n\n\n<hr class=\"wp-block-separator has-alpha-channel-opacity is-style-wide\"\/>\n\n\n\n<h5 class=\"wp-block-heading\">Tradition im Fr\u00fchjahr: Unsere Hunsr\u00fcck-Touren<\/h5>\n\n\n\n<p>Meist irgendwo zwischen Mitte M\u00e4rz und Mitte April kann man im Hunsr\u00fcck jedes Jahr f\u00fcr ein paar Tage bunte Boote und gro\u00dfe Rucks\u00e4cke in freier Wildbahn, auf spannenden Flusspassagen, schmalen Trails und vor den Mauern einer Burgruine beobachten.<br><strong>Traditionell beginnt n\u00e4mlich unsere Packrafting-Saison mit unserem&nbsp;<a href=\"https:\/\/www.land-water-adventures.com\/en\/trainings-expeditions\/hunsrueck\" target=\"_blank\" rel=\"noreferrer noopener\">viert\u00e4gigen Multiday Kurs Hunsr\u00fcck-Tour.<\/a>&nbsp;Sie wurde schon legend\u00e4r genannt und ist ein intensives Abenteuer f\u00fcr alle, die den Kern von Packrafting kennenlernen und sp\u00fcren m\u00f6chten.<\/strong><\/p>\n\n\n\n<p>Zwischen&nbsp;<a href=\"https:\/\/www.land-water-blog.de\/hunsrueck-eiskalt\/\" data-type=\"post\" data-id=\"2212\" target=\"_blank\" rel=\"noreferrer noopener\">Schneegest\u00f6ber (zum Blogbeitrag)<\/a>&nbsp;and&nbsp;<a href=\"https:\/\/www.land-water-blog.de\/hunsrueck-willkommen-im-sueden\/\" data-type=\"post\" data-id=\"1122\" target=\"_blank\" rel=\"noreferrer noopener\">T-Shirt-Wetter (zum Blogbeitrag)<\/a>, zwischen Hochwasser (kein Blogbeitrag, da war keine Zeit f\u00fcr Bilder) und Niedrigwasser mit stellenweise mehr Treideln als Paddeln (viele Bilder, super Stimmung) ist hier \u00fcbrigens alles m\u00f6glich, der Hunsr\u00fcck ist immer f\u00fcr eine \u00dcberraschung gut.<\/p>\n\n\n\n<p>TeilnehmerInnen der ersten Jahre erinnern sich an &#8222;Romantika&#8220;, in den letzten Jahren hat uns der &#8222;Schlossgarten&#8220; verzaubert.&nbsp;Die Geselligkeit und das Zusammenwachsen, das zwischen herausfordernden Tagen und Abenden am Lagerfeuer entsteht, hat schon fast Expeditionsfeeling.<\/p>\n\n\n\n<p>Am 23. M\u00e4rz 2023 geht es los mit der n\u00e4chsten Multiday-Saison, bevor wir am 30. M\u00e4rz in eine ganz besondere Jubil\u00e4ums-Tour mit unseren StammteilnehmerInnen starten. Zwei weitere Hunsr\u00fcck-Touren gibt es anschlie\u00dfend noch von Anfang &#8211; Mitte April.<\/p>\n\n\n\n<p><strong>Und f\u00fcr alle, denen vier Tage Hunsr\u00fcck (vorerst) zu viel sind, bieten wir mit dem<a rel=\"noreferrer noopener\" href=\"https:\/\/www.land-water-adventures.com\/en\/trainings-expeditions\/multiday-basic\" target=\"_blank\">&nbsp;zweit\u00e4gigen Multiday Packrafting Kurs Basic<\/a>&nbsp;vom 22. &#8211; 23. April \u00fcbrigens einen sanfteren Einstieg.<\/strong><\/p>\n\n\n\n<figure class=\"wp-block-gallery has-nested-images columns-default is-cropped wp-block-gallery-2 is-layout-flex wp-block-gallery-is-layout-flex\">\n<figure class=\"wp-block-image size-large\"><img loading=\"lazy\" decoding=\"async\" width=\"644\" height=\"483\" data-id=\"2552\" src=\"https:\/\/www.land-water-blog.de\/wp-content\/uploads\/2022\/11\/lwa-PA220068-2400px-644x483.jpg\" alt=\"\" class=\"wp-image-2552\" srcset=\"https:\/\/www.land-water-blog.de\/wp-content\/uploads\/2022\/11\/lwa-PA220068-2400px-644x483.jpg 644w, https:\/\/www.land-water-blog.de\/wp-content\/uploads\/2022\/11\/lwa-PA220068-2400px-300x225.jpg 300w, https:\/\/www.land-water-blog.de\/wp-content\/uploads\/2022\/11\/lwa-PA220068-2400px-768x576.jpg 768w, https:\/\/www.land-water-blog.de\/wp-content\/uploads\/2022\/11\/lwa-PA220068-2400px-1536x1152.jpg 1536w, https:\/\/www.land-water-blog.de\/wp-content\/uploads\/2022\/11\/lwa-PA220068-2400px-2048x1536.jpg 2048w, https:\/\/www.land-water-blog.de\/wp-content\/uploads\/2022\/11\/lwa-PA220068-2400px-16x12.jpg 16w, https:\/\/www.land-water-blog.de\/wp-content\/uploads\/2022\/11\/lwa-PA220068-2400px-1140x855.jpg 1140w\" sizes=\"auto, (max-width: 644px) 100vw, 644px\" \/><\/figure>\n\n\n\n<figure class=\"wp-block-image size-large\"><img loading=\"lazy\" decoding=\"async\" width=\"644\" height=\"482\" data-id=\"2546\" src=\"https:\/\/www.land-water-blog.de\/wp-content\/uploads\/2022\/11\/lwa-DJI_0063-2400px-644x482.jpg\" alt=\"\" class=\"wp-image-2546\" srcset=\"https:\/\/www.land-water-blog.de\/wp-content\/uploads\/2022\/11\/lwa-DJI_0063-2400px-644x482.jpg 644w, https:\/\/www.land-water-blog.de\/wp-content\/uploads\/2022\/11\/lwa-DJI_0063-2400px-300x225.jpg 300w, https:\/\/www.land-water-blog.de\/wp-content\/uploads\/2022\/11\/lwa-DJI_0063-2400px-768x575.jpg 768w, https:\/\/www.land-water-blog.de\/wp-content\/uploads\/2022\/11\/lwa-DJI_0063-2400px-1536x1150.jpg 1536w, https:\/\/www.land-water-blog.de\/wp-content\/uploads\/2022\/11\/lwa-DJI_0063-2400px-2048x1533.jpg 2048w, https:\/\/www.land-water-blog.de\/wp-content\/uploads\/2022\/11\/lwa-DJI_0063-2400px-16x12.jpg 16w, https:\/\/www.land-water-blog.de\/wp-content\/uploads\/2022\/11\/lwa-DJI_0063-2400px-1140x854.jpg 1140w\" sizes=\"auto, (max-width: 644px) 100vw, 644px\" \/><\/figure>\n<\/figure>\n\n\n\n<div style=\"height:29px\" aria-hidden=\"true\" class=\"wp-block-spacer\"><\/div>\n\n\n\n<h5 class=\"wp-block-heading\">Hunsr\u00fcck in Hardcore: Advanced Multiday Kurs Bayerischer Wald<\/h5>\n\n\n\n<p>Unser Kurs in den Tiefen des Bayerischen Walds vereint mehrt\u00e4giges Unterwegssein und Wildwasser zu einer herausfordernden viert\u00e4gigen Tour f\u00fcr alle, die Multiday in Hardcore wollen, das Unbequeme nicht scheuen und im Wildwasser lachen und tanzen. Warum das nicht \u00fcbertrieben ist, hat Susanne f\u00fcr den Land Water Blog aufgeschrieben:&nbsp;<a href=\"https:\/\/www.land-water-blog.de\/bayerwald-multiday-fuer-hartgesottene\/\" data-type=\"post\" data-id=\"2327\" target=\"_blank\" rel=\"noreferrer noopener\">&#8222;Multiday f\u00fcr Hartgesottene&#8220;<\/a>.<\/p>\n\n\n\n<p><strong>Das n\u00e4chste Mal sind wir vom 6. &#8211; 9. April 2023 dort unterwegs, erste TeilnehmerInnen haben sich schon gefunden und noch sind Pl\u00e4tze frei.<\/strong>&nbsp;<a rel=\"noreferrer noopener\" href=\"https:\/\/www.land-water-adventures.com\/de\/touren-kurse\/multiday\/bayerwald\" target=\"_blank\">Hier geht&#8217;s zur Ausschreibung<\/a><\/p>\n\n\n\n<hr class=\"wp-block-separator has-alpha-channel-opacity is-style-wide\"\/>\n\n\n\n<h5 class=\"wp-block-heading\">Sp\u00e4tsommer, So\u010da, Sch\u00f6n!<\/h5>\n\n\n\n<p>Und dann die Soca. Im zehnten Jahr und noch lange nicht m\u00fcde, schlagen&nbsp;Andi und Sebastian ab 18. August 2023 das<a href=\"https:\/\/www.land-water-adventures.com\/en\/trainings-expeditions\/soca\" target=\"_blank\" rel=\"noreferrer noopener\">&nbsp;Wildwasser LWA-Camp<\/a>&nbsp;im (mittlerweile schon ganz sch\u00f6n bekannten, aber weiterhin traumhaften) Kleinod So\u010da-Tal auf, um mit euch, kurz gesagt, die Wellen zu reiten. Dass sie mit der Erfahrung von Jahrzehnten unabh\u00e4ngig vom Wasserstand in diesem Tal immer Strecken mit Gaudi finden, ist mittlerweile bekannt. Auf drei offene Kurse folgt ein&nbsp;<a href=\"https:\/\/www.land-water-adventures.com\/en\/trainings-expeditions\/soca#advanced-trainings\" target=\"_blank\" rel=\"noreferrer noopener\">Advanced Kurs<\/a>, au\u00dferdem feiern wir auch hier unser Jubil\u00e4um mit einer besonderen Wildwasser-H\u00fcttentour mit Andi f\u00fcr unsere StammteilnehmerInnen.<\/p>\n\n\n\n<figure class=\"wp-block-image size-large\"><img loading=\"lazy\" decoding=\"async\" width=\"644\" height=\"483\" src=\"https:\/\/www.land-water-blog.de\/wp-content\/uploads\/2022\/11\/lwa-P9112434-2400px-644x483.jpg\" alt=\"\" class=\"wp-image-2551\" srcset=\"https:\/\/www.land-water-blog.de\/wp-content\/uploads\/2022\/11\/lwa-P9112434-2400px-644x483.jpg 644w, https:\/\/www.land-water-blog.de\/wp-content\/uploads\/2022\/11\/lwa-P9112434-2400px-300x225.jpg 300w, https:\/\/www.land-water-blog.de\/wp-content\/uploads\/2022\/11\/lwa-P9112434-2400px-768x576.jpg 768w, https:\/\/www.land-water-blog.de\/wp-content\/uploads\/2022\/11\/lwa-P9112434-2400px-1536x1152.jpg 1536w, https:\/\/www.land-water-blog.de\/wp-content\/uploads\/2022\/11\/lwa-P9112434-2400px-2048x1536.jpg 2048w, https:\/\/www.land-water-blog.de\/wp-content\/uploads\/2022\/11\/lwa-P9112434-2400px-16x12.jpg 16w, https:\/\/www.land-water-blog.de\/wp-content\/uploads\/2022\/11\/lwa-P9112434-2400px-1140x855.jpg 1140w\" sizes=\"auto, (max-width: 644px) 100vw, 644px\" \/><\/figure>\n\n\n\n<p><strong>Eindr\u00fccke und Geschichten unserer vergangenen Kurse dort findet ihr auf dem Land Water Blog:&nbsp;<a href=\"https:\/\/www.land-water-blog.de\/tag\/soca\/\" target=\"_blank\" rel=\"noreferrer noopener\">Zu den&nbsp;So\u010da-Geschichten<\/a><\/strong><\/p>\n\n\n\n<hr class=\"wp-block-separator has-alpha-channel-opacity is-style-wide\"\/>\n\n\n\n<h5 class=\"wp-block-heading\">Au\u00dferdem im Programm<\/h5>\n\n\n\n<ul class=\"wp-block-list\">\n<li><strong>Packrafting Erlebnistage Nahe<\/strong><br>Kommt mit in einen Tag Abenteuer und Outdoorfeeling an der mittleren Nahe. Ideal f\u00fcr EinsteigerInnen und Familien, aber auch als&nbsp;<a href=\"https:\/\/www.land-water-adventures.com\/de\/gruppen-familien-events\/events\" target=\"_blank\" rel=\"noreferrer noopener\">privates Event<\/a>&nbsp;oder&nbsp;<a href=\"https:\/\/www.land-water-adventures.com\/de\/firmen-und-teams\/nahe\" target=\"_blank\" rel=\"noreferrer noopener\">Betriebsausflug<\/a>. Unsere ersten Termine im Mai 2023 sind bereits online, weitere Sommertermine folgen.&nbsp;<a href=\"https:\/\/www.land-water-adventures.com\/de\/touren-kurse\/tageskurse\/erlebnistage-nahe\" target=\"_blank\" rel=\"noreferrer noopener\">Mehr Infos und Kurstermine<\/a><br>&nbsp;<\/li>\n\n\n\n<li><strong>Tagestouren im Dschungel der Saale<\/strong><br>An vier Terminen im Mai 2023 nimmt euch Johannes wieder mit an eine neue, beeindruckende Location: Die Saale im Grenzgebiet von Th\u00fcringen und Sachsen-Anhalt.&nbsp;<a href=\"https:\/\/www.land-water-adventures.com\/de\/touren-kurse\/tageskurse\/saale\" target=\"_blank\" rel=\"noreferrer noopener\">Packrafting Saale 2023<\/a><br>&nbsp;<\/li>\n\n\n\n<li><strong>Wildwasser Packrafting Kurse in den Alpen<\/strong><br>Im Juni 2023 sind wir wieder f\u00fcr mehrere Wochen in den&nbsp;<a href=\"https:\/\/www.land-water-adventures.com\/en\/trainings-expeditions\/tyrol\" target=\"_blank\" rel=\"noreferrer noopener\">Nordalpen zwischen Zugspitzarena und Tirol&nbsp;<\/a>unterwegs in den Wellen von Isar, Lech und Co.<br>&nbsp;<\/li>\n\n\n\n<li><strong>Saison\u00fcbersicht zum Download<\/strong><br>Wusstet ihr \u00fcbrigens, dass ihr auf unserer Webseite eine Saison\u00fcbersicht des ganzen Jahres zum Download findet? Zum PDF geht es&nbsp;<a href=\"https:\/\/www.land-water-adventures.com\/de\/touren-kurse\" target=\"_blank\" rel=\"noreferrer noopener\">hier entlang<\/a>.<\/li>\n<\/ul>\n\n\n\n<h5 class=\"wp-block-heading\"><br>LWA-Flottenabverkauf<\/h5>\n\n\n\n<p><strong>Falls euch noch geeignetes Packrafting-Equipment f\u00fcr eines dieser Abenteuer fehlt, meldet euch gerne oder werft einen Blick auf den aktuellen Stand unseres Flottenabverkaufs 2022:&nbsp;<\/strong><a rel=\"noreferrer noopener\" href=\"https:\/\/www.land-water-adventures.com\/de\/packrafting-equipment\/equipment-gebraucht\" target=\"_blank\">Zum LWA-Gebrauchtequipment.<\/a>&nbsp;Noch sind ein paar Packrafts aus diesem Jahr da, au\u00dferdem findet ihr bei uns auch Zubeh\u00f6r wie Trockenanz\u00fcge, Paddel und Schwimmwesten.<\/p>\n\n\n\n<hr class=\"wp-block-separator has-alpha-channel-opacity is-style-wide\"\/>\n\n\n\n<h5 class=\"wp-block-heading\">Lekt\u00fcren f\u00fcr eure&nbsp;Winterabende<\/h5>\n\n\n\n<p>Wir sagten es bereits, hinter uns liegt eine Saison voller Abenteuer, voller Wellen und vielen sch\u00f6nen Momenten am Ufer, am Lagerfeuer und auf den Trails. Einige davon k\u00f6nnt ihr inzwischen auf dem Land Water Blog schon nachlesen Wie w\u00e4r&#8217;s mit einer Tasse eures liebsten Hei\u00dfgetr\u00e4nks und ein paar Abenteuergeschichten?<\/p>\n\n\n\n<ul class=\"wp-block-list\">\n<li>Traumhafte Wellen in \u00d6sterreich und eine&nbsp;<strong>H\u00fcttentour mit Wildwasser an der Salza<\/strong>&nbsp;im Juli:&nbsp;<a href=\"https:\/\/www.land-water-blog.de\/salza\/\" data-type=\"post\" data-id=\"2426\" target=\"_blank\" rel=\"noreferrer noopener\">An Tag 1 schon im Paradies<\/a><br>&nbsp;<\/li>\n\n\n\n<li>Was lange w\u00e4hrt, wird richtig grandios: Unsere&nbsp;<strong>Premiere der Expeditionstour Albanien<\/strong>&nbsp;auf den Flussperlen Vjosa und Osum: <a href=\"https:\/\/www.land-water-blog.de\/vjosa-grandiosa\/\" data-type=\"post\" data-id=\"2382\" target=\"_blank\" rel=\"noreferrer noopener\">&#8222;Vjosa Grandiosa&#8220;<\/a>&nbsp;&#8211; ein R\u00fcckblick von Susanne<br>&nbsp;<\/li>\n\n\n\n<li>Apropos Albanien: Wir haben da etwas Neues f\u00fcr euch, einige haben es ja schon zur Premiere beim Saisonabschluss gesehen:<\/li>\n<\/ul>\n\n\n\n<figure class=\"wp-block-embed is-type-video is-provider-youtube wp-block-embed-youtube wp-embed-aspect-16-9 wp-has-aspect-ratio\"><div class=\"wp-block-embed__wrapper\">\n<iframe loading=\"lazy\" title=\"Packrafting Expedition Tour Albania\" width=\"960\" height=\"540\" src=\"https:\/\/www.youtube.com\/embed\/kIF7_5PVtac?feature=oembed\" frameborder=\"0\" allow=\"accelerometer; autoplay; clipboard-write; encrypted-media; gyroscope; picture-in-picture\" allowfullscreen><\/iframe>\n<\/div><figcaption class=\"wp-element-caption\"><em>Taucht ein in zwei Minuten Albanien pur!<\/em><\/figcaption><\/figure>\n\n\n\n<p><\/p>\n\n\n\n<ul class=\"wp-block-list\">\n<li><strong>Und noch ein erstes Mal, viel n\u00e4her, aber nicht minder sch\u00f6n:<\/strong>&nbsp;<a href=\"https:\/\/www.land-water-blog.de\/saale\/\" data-type=\"post\" data-id=\"2356\" target=\"_blank\" rel=\"noreferrer noopener\">&#8222;Saale &#8211; Du Sahnest\u00fcck&#8220;<\/a>: Ein Bericht unserer&nbsp;<strong>Th\u00fcringen-Premiere im Mai 2022<\/strong>, hier hat Johannes uns eine ganz besondere Flussperle mitten in Deutschland gezeigt<\/li>\n<\/ul>\n\n\n\n<hr class=\"wp-block-separator has-alpha-channel-opacity is-style-wide\"\/>\n\n\n\n<h5 class=\"wp-block-heading\">Und wo wir bei LWA-Geschichte sind, wisst ihr eigentlich, wie diese Newsletter und Blogbeitr\u00e4ge entstehen und warum sie so sind wie sie sind?<\/h5>\n\n\n\n<p>Das war n\u00e4mlich so: Im Sommer 2016 hat eine&nbsp;<a href=\"https:\/\/www.land-water-adventures.com\/en\/team\/profile-cora\" target=\"_blank\" rel=\"noreferrer noopener\">Cora<\/a>&nbsp;aus dem Saarland mit ihrem Partner an einem Tageskurs an der Nahe teilgenommen. Der Kontakt im Vorfeld war schon sehr herzlich, Cora schrieb damals einen kleinen Outdoor-Blog und irgendwie war bald klar, dass auch sie zum LWA Team geh\u00f6rt. Es ging dann schnell, zuerst als freie Mitarbeiterin f\u00fcr Social Media und seit Anfang 2020 in Festanstellung mit vielen Verantwortlichkeiten.<\/p>\n\n\n\n<p>Wir waren uns von Beginn an einig, dass wir in Newslettern von LWA erz\u00e4hlen und Geschichten teilen wollen. Aber auch, dass wir euch nicht jede Woche daran erinnern wollen, etwas zu buchen, sondern dass wir mit diesen Newslettern, die ganz bewusst selten kommen, mit euch in Kontakt treten wollen. Seitdem schreiben Cora und Sebastian diese Newsletter und den&nbsp;<a rel=\"noreferrer noopener\" href=\"https:\/\/www.land-water-blog.de\/\" target=\"_blank\">Land Water Blog<\/a>&nbsp;gemeinsam und mit viel Liebe zu den Geschichten darin. Die E-Mails, die Telefonate und die Gespr\u00e4che, die nach jedem Versand kommen, freuen uns immer wieder. Danke daf\u00fcr!<\/p>\n\n\n\n<hr class=\"wp-block-separator has-alpha-channel-opacity is-style-wide\"\/>\n\n\n\n<p><strong>Und mit dieser kleinen Anekdote sind wir am Ende dieses Newsletter angekommen. Wow, das waren viele Geschichten, oder? Vielen Dank f\u00fcrs Lesen, sch\u00f6n, dass ihr da seid!<br><br>Jetzt w\u00fcnschen wir euch erst einmal eine sch\u00f6ne Herbst- und Winterzeit, wir tauchen wieder in die Planung ab und freuen uns schon jetzt darauf, im n\u00e4chsten Jahr (wieder oder zum ersten Mal) mit euch unterwegs zu sein.<\/strong><\/p>\n\n\n\n<p><strong>Bis bald, vielleicht ja zu Punsch und winterlichen Leckereien beim&nbsp;<a rel=\"noreferrer noopener\" href=\"https:\/\/www.land-water-adventures.com\/de\/lwa-teilnehmertreffen\/weihnachtsmarkt\" target=\"_blank\">LWA-christmas market (German only)<\/a>&nbsp;am 3. Dezember!<br><br><em>Euer<br><a rel=\"noreferrer noopener\" href=\"https:\/\/www.land-water-adventures.com\/en\/team\" target=\"_blank\">LWA-Team<\/a><\/em><\/strong><\/p>\n\n\n\n<div style=\"height:72px\" aria-hidden=\"true\" class=\"wp-block-spacer\"><\/div>","protected":false},"excerpt":{"rendered":"<p>Im November 2022 haben wir uns mit einem R\u00fcckblick in eine sehr sch\u00f6ne Saison und einem Vorblick auf ein ganz besonderes Jahr an die Empf\u00e4nger unseres Newsletters gewandt. Da es diesmal Geschichten mit Geschichte geworden sind, m\u00f6chten wir diese hier teilen und w\u00fcnschen viel Spa\u00df beim Lesen. Hinter uns liegt eine der sch\u00f6nsten Saisons der LWA-Zeit, wir konnten wieder Expeditionsluft atmen, ganz neue Ziele entdecken und an den schon bekannten Orten sch\u00f6ne, gemeinsame Zeiten mit euch verbringen. Daf\u00fcr sind wir unglaublich dankbar! Und es war ein perfekter Prolog f\u00fcr ein besonderes Jahr 2023, das unseres 10-j\u00e4hrigen Jubil\u00e4ums n\u00e4mlich. Wegen dieses Jubil\u00e4ums weben wir ein wenig LWA-Geschichte in diesen und die n\u00e4chsten Newsletter. In diesem Newsletter ist jeder der Menschen, aus denen das LWA-Team besteht und die Herz und Seele von LWA sind, genau einmal verlinkt. Wir w\u00fcnschen viel Spa\u00df dabei, all das hier und da zu entdecken, vielleicht sogar als Lekt\u00fcre f\u00fcr die kalten Tage, die kommen. Vor einigen Wochen haben wir nun die Boote an Land gezogen und diese Saison freudig abgeschlossen. Hinter den Kulissen werkeln wir jedoch nat\u00fcrlich schon seit langem an der N\u00e4chsten, feilen an den kommenden Abenteuern und genie\u00dfen gleichzeitig ein wenig die Ruhe der Off-Season. Aus diesem kurzen Moment des Innehaltens heraus nehmen wir euch mit zu einem&nbsp;Blick in das besondere Jahr 2023. Euch erwarten Specials, Expeditionen, Multiday und wundersch\u00f6ne Wildwasser-Locations auf unseren ein- und mehrt\u00e4gigen Kursen. Sitzt ihr gem\u00fctlich? Dann lasst uns ein paar Geschichten erz\u00e4hlen.<\/p>","protected":false},"author":2,"featured_media":2630,"comment_status":"open","ping_status":"open","sticky":false,"template":"","format":"standard","meta":{"footnotes":""},"categories":[9],"tags":[97],"class_list":["post-2545","post","type-post","status-publish","format-standard","has-post-thumbnail","hentry","category-behind-the-scences","tag-lwawird10"],"_links":{"self":[{"href":"https:\/\/www.land-water-blog.de\/en\/wp-json\/wp\/v2\/posts\/2545","targetHints":{"allow":["GET"]}}],"collection":[{"href":"https:\/\/www.land-water-blog.de\/en\/wp-json\/wp\/v2\/posts"}],"about":[{"href":"https:\/\/www.land-water-blog.de\/en\/wp-json\/wp\/v2\/types\/post"}],"author":[{"embeddable":true,"href":"https:\/\/www.land-water-blog.de\/en\/wp-json\/wp\/v2\/users\/2"}],"replies":[{"embeddable":true,"href":"https:\/\/www.land-water-blog.de\/en\/wp-json\/wp\/v2\/comments?post=2545"}],"version-history":[{"count":29,"href":"https:\/\/www.land-water-blog.de\/en\/wp-json\/wp\/v2\/posts\/2545\/revisions"}],"predecessor-version":[{"id":2589,"href":"https:\/\/www.land-water-blog.de\/en\/wp-json\/wp\/v2\/posts\/2545\/revisions\/2589"}],"wp:featuredmedia":[{"embeddable":true,"href":"https:\/\/www.land-water-blog.de\/en\/wp-json\/wp\/v2\/media\/2630"}],"wp:attachment":[{"href":"https:\/\/www.land-water-blog.de\/en\/wp-json\/wp\/v2\/media?parent=2545"}],"wp:term":[{"taxonomy":"category","embeddable":true,"href":"https:\/\/www.land-water-blog.de\/en\/wp-json\/wp\/v2\/categories?post=2545"},{"taxonomy":"post_tag","embeddable":true,"href":"https:\/\/www.land-water-blog.de\/en\/wp-json\/wp\/v2\/tags?post=2545"}],"curies":[{"name":"wp","href":"https:\/\/api.w.org\/{rel}","templated":true}]}}