{"id":1477,"date":"2019-10-23T12:00:26","date_gmt":"2019-10-23T10:00:26","guid":{"rendered":"https:\/\/www.land-water-blog.de\/?p=1477"},"modified":"2021-10-11T09:27:08","modified_gmt":"2021-10-11T07:27:08","slug":"nahe-saisonabschluss-2019","status":"publish","type":"post","link":"https:\/\/www.land-water-blog.de\/en\/nahe-saisonabschluss-2019\/","title":{"rendered":"First season-closing at river Nahe (German only)"},"content":{"rendered":"<p>Wenn Schokolade drau\u00dfen schmilzt, f\u00fchlt es sich zumindest noch nicht wie Herbst an. Und so verschwindet am Nachmittag dieses sp\u00e4tsommerlichen Herbsttags, vorbei am Schoki-Buffet, hin und wieder ein Packraft mit F\u00fc\u00dfen darunter hinter einem Wohnwagen, l\u00e4uft hinunter zum Steg und taucht dann wieder auf der Nahe auf. Vor herbstlicher Kulisse und zwischen Rotenfels und Gans-Rheingrafenstein.<br \/>\nDas alles passiert bei der Premiere des Saisonabschlusses der Nahe-Tageskurse im September und ein wenig symbolisiert der Steg, wie viel sich hier ge\u00e4ndert hat, in diesem Jahr. Aber von vorn.<\/p>\n<p><!--more--><\/p>\n<p>Denn was unsere <a href=\"https:\/\/www.land-water-adventures.com\/de\/touren-kurse\/erlebnistage-nahe\">Nahe-Tageskurse<\/a> angeht, war 2019 ein Jahr der Neuerungen: Unsere Location, der Campingplatz Nahe-Alsenz-Eck in Bad M\u00fcnster am Stein-Ebernburg, hat neue Betreiber und mit ihnen ein neues Gesicht bekommen. Und es ist das erste Jahr, in dem wir einen Saisonabschluss unsere Tageskursg\u00e4ste an der Nahe anbieten. Neben unserem schon traditionellen <a href=\"https:\/\/www.land-water-blog.de\/saisonabschluss-2019\/\" target=\"_blank\" rel=\"noopener\">Saisonabschluss Hunsr\u00fcck f\u00fcr Mehrtages- und ExpeditionsteilnehmerInnen<\/a>.<\/p>\n<p>Denn manche Ideen f\u00fchlen sich so gut an, dass man sie einfach probieren muss. Jetzt, statt sp\u00e4ter. Wir hatten &#8211; zugegeben &#8211; sehr spontan und kurzfristig eingeladen und mit Freude die R\u00fcckmeldung einer kleinen, aber feinen Packraft-begeisterten Gruppe von TeilnehmerInnen der letzten Jahre Nahe-Kurse vernommen. Die sich dann &#8211; f\u00fcr ihre Spontaneit\u00e4t belohnt durch sonniges Wetter &#8211; an einem Sonntag Ende September 2019 mit uns, einem Teil des LWA-Teams, zu einem gem\u00fctlichen Saisonabschluss direkt am Nahe-Ufer zusammengefunden haben. Um zu schlemmen, zu paddeln, zu lauschen und sich auszutauschen.<\/p>\n<p><img loading=\"lazy\" decoding=\"async\" class=\"alignleft size-full wp-image-1484\" src=\"https:\/\/www.land-water-blog.de\/wp-content\/uploads\/2019\/10\/lwa-20190922-P9220054.jpg\" alt=\"Saisonabschluss Nahe 2019 \u00a9 Land Water Adventures\" width=\"2400\" height=\"1800\" srcset=\"https:\/\/www.land-water-blog.de\/wp-content\/uploads\/2019\/10\/lwa-20190922-P9220054.jpg 2400w, https:\/\/www.land-water-blog.de\/wp-content\/uploads\/2019\/10\/lwa-20190922-P9220054-300x225.jpg 300w, https:\/\/www.land-water-blog.de\/wp-content\/uploads\/2019\/10\/lwa-20190922-P9220054-768x576.jpg 768w, https:\/\/www.land-water-blog.de\/wp-content\/uploads\/2019\/10\/lwa-20190922-P9220054-644x483.jpg 644w\" sizes=\"auto, (max-width: 2400px) 100vw, 2400px\" \/><\/p>\n<p>Auf dem Programm stand &#8211; nat\u00fcrlich &#8211; ein LWA-typisches Schokob\u00fcffet zur Begr\u00fc\u00dfung, das durch leckeres, traditionell handwerklich hergestelltes Brotkonfekt der B\u00e4ckerei Schlechtrimen aus K\u00f6ln erg\u00e4nzt wurde. Ein spontaner Beitrag, der den kleinen Tisch am Wasser zum Treffpunkt gemacht hat. Anschlie\u00dfend hie\u00df es: Ab auf&#8217;s Wasser f\u00fcr ein kleines Packraft-Testival.<\/p>\n<p><img loading=\"lazy\" decoding=\"async\" class=\"alignleft wp-image-1485 size-full\" src=\"https:\/\/www.land-water-blog.de\/wp-content\/uploads\/2019\/10\/lwa-20190922-P9220062.jpg\" alt=\"Packrafting Testival beim Nahe Saisonabschluss \u00a9 Land Water Adventures\" width=\"2400\" height=\"1800\" srcset=\"https:\/\/www.land-water-blog.de\/wp-content\/uploads\/2019\/10\/lwa-20190922-P9220062.jpg 2400w, https:\/\/www.land-water-blog.de\/wp-content\/uploads\/2019\/10\/lwa-20190922-P9220062-300x225.jpg 300w, https:\/\/www.land-water-blog.de\/wp-content\/uploads\/2019\/10\/lwa-20190922-P9220062-768x576.jpg 768w, https:\/\/www.land-water-blog.de\/wp-content\/uploads\/2019\/10\/lwa-20190922-P9220062-644x483.jpg 644w\" sizes=\"auto, (max-width: 2400px) 100vw, 2400px\" \/><\/p>\n<p><img loading=\"lazy\" decoding=\"async\" class=\"alignleft wp-image-1482 size-full\" src=\"https:\/\/www.land-water-blog.de\/wp-content\/uploads\/2019\/10\/lwa-20190922-DJI_0195.jpg\" alt=\"Steg am Campingplatz Nahe-Alsenz-Eck beim Saisonabschluss \u00a9 Land Water Adventures\" width=\"2400\" height=\"1797\" srcset=\"https:\/\/www.land-water-blog.de\/wp-content\/uploads\/2019\/10\/lwa-20190922-DJI_0195.jpg 2400w, https:\/\/www.land-water-blog.de\/wp-content\/uploads\/2019\/10\/lwa-20190922-DJI_0195-300x225.jpg 300w, https:\/\/www.land-water-blog.de\/wp-content\/uploads\/2019\/10\/lwa-20190922-DJI_0195-768x575.jpg 768w, https:\/\/www.land-water-blog.de\/wp-content\/uploads\/2019\/10\/lwa-20190922-DJI_0195-644x482.jpg 644w\" sizes=\"auto, (max-width: 2400px) 100vw, 2400px\" \/><\/p>\n<p>Verschiedene Boote unserer Flotte wurden \u00fcber besagten ganz neuen Steg am Campingplatz ins Wasser gelassen (Premiere f\u00fcr uns!) und auf dem schon bekannten St\u00fcck Nahe getestet. Sebastian und Jochen haben dabei in der geselligen Stimmung kleine und gro\u00dfe Equipment-Fragen beantwortet und vom Einsatz der Boote zwischen Wildwasser und Expedition erz\u00e4hlt.<\/p>\n<p>Ein sch\u00f6ner Nachmittag, der viel Zeit f\u00fcr Gem\u00fctlichkeit und Gespr\u00e4che bot, und von einem ebenso gem\u00fctlichen Abend am mit Grillen und Salat am Lagerfeuer abgel\u00f6st wurde.<\/p>\n<p><img loading=\"lazy\" decoding=\"async\" class=\"alignleft size-full wp-image-1494\" src=\"https:\/\/www.land-water-blog.de\/wp-content\/uploads\/2019\/10\/lwa-20190922-P9220100.jpg\" alt=\"Gem\u00fctlicher Saisonabschluss Nahe \u00a9 Land Water Adventures\" width=\"2400\" height=\"1800\" srcset=\"https:\/\/www.land-water-blog.de\/wp-content\/uploads\/2019\/10\/lwa-20190922-P9220100.jpg 2400w, https:\/\/www.land-water-blog.de\/wp-content\/uploads\/2019\/10\/lwa-20190922-P9220100-300x225.jpg 300w, https:\/\/www.land-water-blog.de\/wp-content\/uploads\/2019\/10\/lwa-20190922-P9220100-768x576.jpg 768w, https:\/\/www.land-water-blog.de\/wp-content\/uploads\/2019\/10\/lwa-20190922-P9220100-644x483.jpg 644w\" sizes=\"auto, (max-width: 2400px) 100vw, 2400px\" \/><\/p>\n<p><img loading=\"lazy\" decoding=\"async\" class=\"alignleft size-full wp-image-1496\" src=\"https:\/\/www.land-water-blog.de\/wp-content\/uploads\/2019\/10\/lwa-20190922-P9220103.jpg\" alt=\"Jochen grillt beim Saisonabschluss Nahe \u00a9 Land Water Adventures\" width=\"2400\" height=\"1800\" srcset=\"https:\/\/www.land-water-blog.de\/wp-content\/uploads\/2019\/10\/lwa-20190922-P9220103.jpg 2400w, https:\/\/www.land-water-blog.de\/wp-content\/uploads\/2019\/10\/lwa-20190922-P9220103-300x225.jpg 300w, https:\/\/www.land-water-blog.de\/wp-content\/uploads\/2019\/10\/lwa-20190922-P9220103-768x576.jpg 768w, https:\/\/www.land-water-blog.de\/wp-content\/uploads\/2019\/10\/lwa-20190922-P9220103-644x483.jpg 644w\" sizes=\"auto, (max-width: 2400px) 100vw, 2400px\" \/><\/p>\n<p>Als es schlie\u00dflich dunkel genug war, versammelten wir uns f\u00fcr eines unserer <a href=\"https:\/\/www.land-water-blog.de\/lagerfeuer-leinwand-abenteuer-abende\/\" target=\"_blank\" rel=\"noopener\">Leinwand-Abenteuer<\/a>, dieses Mal &#8222;live aus Teilnehmersicht&#8220;: Joachim, einer unserer Expeditionsteilnehmer, berichtete zu den LWA Bildern aus Island von seinen Erlebnissen auf der 7-t\u00e4gigen Island-Expedition 2018, aber auch vom Weg dahin der &#8211; wie k\u00f6nnte es anders sein &#8211; vor drei Jahr genau hier an der Nahe gestartet ist. Anschlie\u00dfend gab Sebastian noch einen Ausblick auf die kommenden Abenteuer &#8211; unsere Kurse, Touren und Expeditionen der n\u00e4chsten Jahre &#8211; und so lie\u00dfen wir den Abend gem\u00fctlich zum n\u00e4chtlichen Rauschen der Nahe ausklingen.<\/p>\n<p><img loading=\"lazy\" decoding=\"async\" class=\"alignleft size-full wp-image-1500\" src=\"https:\/\/www.land-water-blog.de\/wp-content\/uploads\/2019\/10\/lwa-20190922-P9220127.jpg\" alt=\"Island-Vortrag beim Nahe-Saisonabschluss 2019 \u00a9 Land Water Adventures\" width=\"1200\" height=\"900\" srcset=\"https:\/\/www.land-water-blog.de\/wp-content\/uploads\/2019\/10\/lwa-20190922-P9220127.jpg 1200w, https:\/\/www.land-water-blog.de\/wp-content\/uploads\/2019\/10\/lwa-20190922-P9220127-300x225.jpg 300w, https:\/\/www.land-water-blog.de\/wp-content\/uploads\/2019\/10\/lwa-20190922-P9220127-768x576.jpg 768w, https:\/\/www.land-water-blog.de\/wp-content\/uploads\/2019\/10\/lwa-20190922-P9220127-644x483.jpg 644w\" sizes=\"auto, (max-width: 1200px) 100vw, 1200px\" \/><\/p>\n<p>M\u00f6glich ist diese sch\u00f6ne Atmosph\u00e4re erst durch das das neue Team des <a href=\"https:\/\/www.campingplatz-nahe-alsenz-eck.de\" target=\"_blank\" rel=\"noopener\">Campingplatzes Nahe-Alsenz-Eck <\/a> und ihre Umgestaltung des Campingplatzes mit viel Energie, Liebe zum Detail und Outdoor-Geselligkeit und Begegnungen im Sinn geworden. Herzlichen Dank an dieser Stelle daf\u00fcr sowie f\u00fcr eine tolle erste gemeinsame Saison!\u00a0 Wir sehen uns im n\u00e4chsten Jahr &#8211; die Vorfreude ist gro\u00df &#8211; bei den <a href=\"https:\/\/www.land-water-adventures.com\/de\/touren-kurse\/erlebnistage-nahe\">Nahe-Tageskursen<\/a>.<\/p>\n<p>Und da wir euch nat\u00fcrlich viel erz\u00e4hlen k\u00f6nnen, lassen wir hier noch TeilnehmerInnen zu Wort kommen.<\/p>\n<p>J\u00fcrgen schrieb uns nach diesem Wochenende:<\/p>\n<blockquote><p><em>&#8222;Die Begegnung mit euch war absolut inspirierend, auch wenn ich NIEMALS bei 5 Grad und Sturm Island besuchen werde\u2026 Aber das Lechtal habe ich fest im Blick.&#8220;<br \/>\n<\/em><\/p><\/blockquote>\n<p>Und Christel und Martin aus der Pfalz hinterlie\u00dfen uns diese Nachricht:<\/p>\n<blockquote><p>&#8222;An dieser Stelle auch nochmals herzlichen Dank an alle Beteiligten f\u00fcr den Nahe-Kurs als auch f\u00fcr den netten Abend am Lagerfeuer zum Saisonabschluss. Wir haben diese Tage sehr genossen und freuen uns schon jetzt auf das kommende Jahr auf dem Wasser.&#8220;<\/p><\/blockquote>\n<p>Vielen Dank, ihr Drei!<\/p>\n<p>\u00dcbrigens:\u00a0Auch der Termin f\u00fcr den zweiten Saisonabschluss Nahe steht bereits: <a href=\"https:\/\/www.land-water-adventures.com\/de\/lwa-teilnehmertreffen\">Sonntag, 27. September 2020<\/a> &#8211; save the date! \ud83d\ude42<\/p>\n<div class=\"otw-sc-box bordered otw-black-border bordered\"><div>About the author:<\/p><br \/>\n<p class=\" translation-block\">Here writes Cora, responsible for social media at LWA. In love with nature, outdoor-enthusiastic and the camera mostly ready, she likes to be outside and writes about it on her blog <a href=\"https:\/\/greenshapedheart.de\" target=\"_self\">Green Shaped Heart<\/a>. More about Cora is also available <a href=\"https:\/\/www.land-water-blog.de\/en\/about-this-blog\/\" target=\"_self\">here.<\/a><\/div><\/div>","protected":false},"excerpt":{"rendered":"<p>Wenn Schokolade drau\u00dfen schmilzt, f\u00fchlt es sich zumindest noch nicht wie Herbst an. Und so verschwindet am Nachmittag dieses sp\u00e4tsommerlichen Herbsttags, vorbei am Schoki-Buffet, hin und wieder ein Packraft mit F\u00fc\u00dfen darunter hinter einem Wohnwagen, l\u00e4uft hinunter zum Steg und taucht dann wieder auf der Nahe auf. Vor herbstlicher Kulisse und zwischen Rotenfels und Gans-Rheingrafenstein. Das alles passiert bei der Premiere des Saisonabschlusses der Nahe-Tageskurse im September und ein wenig symbolisiert der Steg, wie viel sich hier ge\u00e4ndert hat, in diesem Jahr. Aber von vorn.<\/p>","protected":false},"author":2,"featured_media":1480,"comment_status":"open","ping_status":"open","sticky":false,"template":"","format":"standard","meta":{"footnotes":""},"categories":[34,25],"tags":[24,74,70],"class_list":["post-1477","post","type-post","status-publish","format-standard","has-post-thumbnail","hentry","category-events","category-nahe","tag-nahe","tag-saisonabschluss","tag-vortraege"],"_links":{"self":[{"href":"https:\/\/www.land-water-blog.de\/en\/wp-json\/wp\/v2\/posts\/1477","targetHints":{"allow":["GET"]}}],"collection":[{"href":"https:\/\/www.land-water-blog.de\/en\/wp-json\/wp\/v2\/posts"}],"about":[{"href":"https:\/\/www.land-water-blog.de\/en\/wp-json\/wp\/v2\/types\/post"}],"author":[{"embeddable":true,"href":"https:\/\/www.land-water-blog.de\/en\/wp-json\/wp\/v2\/users\/2"}],"replies":[{"embeddable":true,"href":"https:\/\/www.land-water-blog.de\/en\/wp-json\/wp\/v2\/comments?post=1477"}],"version-history":[{"count":33,"href":"https:\/\/www.land-water-blog.de\/en\/wp-json\/wp\/v2\/posts\/1477\/revisions"}],"predecessor-version":[{"id":2163,"href":"https:\/\/www.land-water-blog.de\/en\/wp-json\/wp\/v2\/posts\/1477\/revisions\/2163"}],"wp:featuredmedia":[{"embeddable":true,"href":"https:\/\/www.land-water-blog.de\/en\/wp-json\/wp\/v2\/media\/1480"}],"wp:attachment":[{"href":"https:\/\/www.land-water-blog.de\/en\/wp-json\/wp\/v2\/media?parent=1477"}],"wp:term":[{"taxonomy":"category","embeddable":true,"href":"https:\/\/www.land-water-blog.de\/en\/wp-json\/wp\/v2\/categories?post=1477"},{"taxonomy":"post_tag","embeddable":true,"href":"https:\/\/www.land-water-blog.de\/en\/wp-json\/wp\/v2\/tags?post=1477"}],"curies":[{"name":"wp","href":"https:\/\/api.w.org\/{rel}","templated":true}]}}