{"id":1164,"date":"2019-05-23T11:53:16","date_gmt":"2019-05-23T09:53:16","guid":{"rendered":"https:\/\/www.land-water-blog.de\/?p=1164"},"modified":"2019-05-23T11:53:16","modified_gmt":"2019-05-23T09:53:16","slug":"vortragswochenende-slowenien-leipzig","status":"publish","type":"post","link":"https:\/\/www.land-water-blog.de\/en\/vortragswochenende-slowenien-leipzig\/","title":{"rendered":"LWA live \u2013 Vortr\u00e4ge in Slowenien und Leipzig im Mai (German only)"},"content":{"rendered":"<p>Wisst ihr was? LWA gibt es auch mal (fast) ohne Wasser. Selten, das geben wir zu. Ok, sehr selten. Aber ab und an kommt das vor und wir reisen nicht, um zu paddeln. Sondern um vom Paddeln (und Packen) zu erz\u00e4hlen. So zum Beispiel an einem verl\u00e4ngerten Wochenende Anfang Mai 2019. Da war Sebastian n\u00e4mlich zwischen Slowenien und Leipzig unterwegs, von der Sonne in den Schnee und zwischen Expeditionsworkshop und Expeditionsvortrag.<\/p>\n<p><!--more--><\/p>\n<h2>Expeditionsworskhop beim European Packrafting Meet-up an der\u00a0So\u010da<\/h2>\n<p><img loading=\"lazy\" decoding=\"async\" class=\"alignnone wp-image-1172 size-full\" src=\"https:\/\/www.land-water-blog.de\/wp-content\/uploads\/2019\/05\/lwa-20190502-P5020002.jpg\" alt=\"Camp Liza Bovec Mai 2019 \u00a9 Land Water Adventures\" width=\"1200\" height=\"900\" srcset=\"https:\/\/www.land-water-blog.de\/wp-content\/uploads\/2019\/05\/lwa-20190502-P5020002.jpg 1200w, https:\/\/www.land-water-blog.de\/wp-content\/uploads\/2019\/05\/lwa-20190502-P5020002-300x225.jpg 300w, https:\/\/www.land-water-blog.de\/wp-content\/uploads\/2019\/05\/lwa-20190502-P5020002-768x576.jpg 768w, https:\/\/www.land-water-blog.de\/wp-content\/uploads\/2019\/05\/lwa-20190502-P5020002-644x483.jpg 644w\" sizes=\"auto, (max-width: 1200px) 100vw, 1200px\" \/><\/p>\n<p>Sebastians erster Stopp war am Donnerstag unsere\u00a0<a href=\"https:\/\/www.land-water-adventures.com\/de\/touren-kurse\/soca\" target=\"_blank\" rel=\"noopener\">So\u010da-Location<\/a>, das Camp Liza in Bovec. Hier fand vom 1. &#8211; 4. Mai n\u00e4mlich das <a href=\"https:\/\/packraftingmeetupeurope.com\/\" target=\"_blank\" rel=\"noopener\"><em><strong>European Packrafting Meet-up<\/strong><\/em><\/a> statt.<\/p>\n<p>Mit was f\u00fcr einem Vibe. Eine Zeltstadt aus Packraftern, einige schon nass von den Wellen der So\u010da, andere noch trocken und voller Freude, angereist aus ganz Europa und der Welt. An dieser Stelle ein Dankesch\u00f6n an Seon, Michaela und alle anderen, die Zeit und Energie in die Organisation dieses Events gesteckt haben.\u00a0 E<span style=\"font-size: 1rem;\">s war toll unter Packraftern zu sein &#8211; wenn auch f\u00fcr uns viel zu kurz &#8211; und wir freuen uns auf n\u00e4chstes Jahr.<\/span><\/p>\n<p><img loading=\"lazy\" decoding=\"async\" class=\"alignnone wp-image-1175 size-full\" src=\"https:\/\/www.land-water-blog.de\/wp-content\/uploads\/2019\/05\/lwa-20190502-P5020045.jpg\" alt=\"Pack-Workshop Packrafting mit Sebastian an der Soca \u00a9 Land Water Adventures\" width=\"1200\" height=\"900\" srcset=\"https:\/\/www.land-water-blog.de\/wp-content\/uploads\/2019\/05\/lwa-20190502-P5020045.jpg 1200w, https:\/\/www.land-water-blog.de\/wp-content\/uploads\/2019\/05\/lwa-20190502-P5020045-300x225.jpg 300w, https:\/\/www.land-water-blog.de\/wp-content\/uploads\/2019\/05\/lwa-20190502-P5020045-768x576.jpg 768w, https:\/\/www.land-water-blog.de\/wp-content\/uploads\/2019\/05\/lwa-20190502-P5020045-644x483.jpg 644w\" sizes=\"auto, (max-width: 1200px) 100vw, 1200px\" \/><\/p>\n<figure id=\"attachment_1176\" aria-describedby=\"caption-attachment-1176\" style=\"width: 1200px\" class=\"wp-caption alignnone\"><img loading=\"lazy\" decoding=\"async\" class=\"wp-image-1176 size-full\" src=\"https:\/\/www.land-water-blog.de\/wp-content\/uploads\/2019\/05\/lwa-20190502-P5020074.jpg\" alt=\"Packsystem Workshop beim European Packrafting Meet-up 2019 \u00a9 Land Water Adventures\" width=\"1200\" height=\"900\" srcset=\"https:\/\/www.land-water-blog.de\/wp-content\/uploads\/2019\/05\/lwa-20190502-P5020074.jpg 1200w, https:\/\/www.land-water-blog.de\/wp-content\/uploads\/2019\/05\/lwa-20190502-P5020074-300x225.jpg 300w, https:\/\/www.land-water-blog.de\/wp-content\/uploads\/2019\/05\/lwa-20190502-P5020074-768x576.jpg 768w, https:\/\/www.land-water-blog.de\/wp-content\/uploads\/2019\/05\/lwa-20190502-P5020074-644x483.jpg 644w\" sizes=\"auto, (max-width: 1200px) 100vw, 1200px\" \/><figcaption id=\"caption-attachment-1176\" class=\"wp-caption-text\">Seon von <a href=\"https:\/\/packrafteurope.com\/\" target=\"_blank\" rel=\"noopener\">Packraft-Europe<\/a> im Austausch mit Sebastian zu Tragearten von Packrafts.<\/figcaption><\/figure>\n<p>Sebastians Workshop zum Thema <strong><em>&#8222;Expedition (bad weather) packing systems&#8220;<\/em><\/strong> war gut besucht, obwohl wir das &#8222;bad weather&#8220; am Donnerstag noch nicht liefern konnten.<\/p>\n<p>Geliefert haben wir daf\u00fcr eine Kurzvariante des LWA Packsystems, das wir auf unseren <a href=\"https:\/\/www.land-water-adventures.com\/de\/touren-kurse\/hunsrueck\" target=\"_blank\" rel=\"noopener\">Multiday Kursen<\/a> vorstellen, zusammen mit Tipps und Tricks aus vielen Jahren Packrafts packen. Durch das Packraft-begeisterte und teils schon sehr erfahrene Publikum hat sich dann im Nachgang des zweist\u00fcndigen Workshops noch viel spannender Austausch ergeben, bevor es auch die letzten nicht mehr aushielten, trocken zu sein, und sich mit gepackten Rafts in die Wellen begeben haben.<\/p>\n<p>Zum ausf\u00fchrlichen Nachlesen des Meetups mit allen Events und Workshops gibt es auf dem Blog von Packraft Europe einen <a href=\"https:\/\/packrafteurope.com\/blogs\/news\/2019-european-packrafting-meet-up\" target=\"_blank\" rel=\"noopener\">Beitrag zum Packrafting Meet-up (auf Englisch)<\/a>. Tom von Packraft Explorers hat seine Eindr\u00fccke des Wochenendes in ein <a href=\"https:\/\/youtu.be\/gsBy4XLsCIs\" target=\"_blank\" rel=\"noopener\">kurzes, actionreiches Video<\/a> zusammengepackt, das ihr euch auf Youtube ansehen k\u00f6nnt.<\/p>\n<h2>Expeditionsvortrag beim XXL-Paddelfestival im Kanupark Markkleeberg<\/h2>\n<p><img loading=\"lazy\" decoding=\"async\" class=\"alignnone size-full wp-image-1177\" src=\"https:\/\/www.land-water-blog.de\/wp-content\/uploads\/2019\/05\/lwa-20190504-IMG_3658-2.jpg\" alt=\"Island-Vortrag Sebastian beim XXL-Paddelfestival 2019 \u00a9 Land Water Adventures\" width=\"1200\" height=\"800\" srcset=\"https:\/\/www.land-water-blog.de\/wp-content\/uploads\/2019\/05\/lwa-20190504-IMG_3658-2.jpg 1200w, https:\/\/www.land-water-blog.de\/wp-content\/uploads\/2019\/05\/lwa-20190504-IMG_3658-2-300x200.jpg 300w, https:\/\/www.land-water-blog.de\/wp-content\/uploads\/2019\/05\/lwa-20190504-IMG_3658-2-768x512.jpg 768w, https:\/\/www.land-water-blog.de\/wp-content\/uploads\/2019\/05\/lwa-20190504-IMG_3658-2-644x429.jpg 644w\" sizes=\"auto, (max-width: 1200px) 100vw, 1200px\" \/><\/p>\n<p>Am Samstagabend ging es f\u00fcr Sebastian dann in Leipzig weiter, auch wieder mit dem Thema Expeditionen. Auf dem <a href=\"https:\/\/www.paddelfestival.de\/\" target=\"_blank\" rel=\"noopener\"><em><strong>XXL-Paddelfestival im Kanupark Markkleeberg<\/strong><\/em><\/a> berichtete er \u00fcber die <a href=\"https:\/\/www.land-water-adventures.com\/en\/trainings-expeditions\/iceland\" target=\"_blank\" rel=\"noopener\">LWA-Expeditionen auf Island<\/a> und das bei passendem Wetter &#8211; am Morgen hatte es an vielen Stellen in Deutschland noch einmal geschneit.<\/p>\n<p>Sogar l\u00e4nger als der Vortrag waren danach die Fragen der Zuh\u00f6rer.<\/p>\n<p><img loading=\"lazy\" decoding=\"async\" class=\"alignnone size-full wp-image-1179\" src=\"https:\/\/www.land-water-blog.de\/wp-content\/uploads\/2019\/05\/lwa-20190504-P5040044.jpg\" alt=\"Vortrag Sebastian beim XXL-Paddelfestival 2019 \u00a9 Land Water Adventures\" width=\"1200\" height=\"900\" srcset=\"https:\/\/www.land-water-blog.de\/wp-content\/uploads\/2019\/05\/lwa-20190504-P5040044.jpg 1200w, https:\/\/www.land-water-blog.de\/wp-content\/uploads\/2019\/05\/lwa-20190504-P5040044-300x225.jpg 300w, https:\/\/www.land-water-blog.de\/wp-content\/uploads\/2019\/05\/lwa-20190504-P5040044-768x576.jpg 768w, https:\/\/www.land-water-blog.de\/wp-content\/uploads\/2019\/05\/lwa-20190504-P5040044-644x483.jpg 644w\" sizes=\"auto, (max-width: 1200px) 100vw, 1200px\" \/>Marc vom <a href=\"https:\/\/www.packrafting-store.de\/\" target=\"_blank\" rel=\"noopener\">Anfibio Packrafting Store<\/a> hatte sich unter das Publikum des Vortrags gemischt, blieb nicht lange unerkannt und stand danach zusammen mit Sebastian einem bis in die Nacht interessierten Publikum f\u00fcr alle kleinen und gro\u00dfen Packraft-Fragen zur Verf\u00fcgung.<\/p>\n<p><span class=\"comment-text\">Es war ein sch\u00f6ner Abend und ein sch\u00f6ner Abschluss einer Reise zwischen Sommer und Winter, wir freuen uns \u00fcber so viel Interesse. Vielleicht ja bis bald mal <a href=\"https:\/\/www.land-water-adventures.com\/\" target=\"_blank\" rel=\"noopener\">in den Wellen oder am Lagerfeuer<\/a>.<br \/>\n<\/span><\/p>\n<p><img loading=\"lazy\" decoding=\"async\" class=\"alignnone size-full wp-image-1178\" src=\"https:\/\/www.land-water-blog.de\/wp-content\/uploads\/2019\/05\/lwa-20190504-P5040006.jpg\" alt=\"Kanupark Markkleeberg beim XXL_Paddelfestival \u00a9 Land Water Adventures\" width=\"1200\" height=\"900\" srcset=\"https:\/\/www.land-water-blog.de\/wp-content\/uploads\/2019\/05\/lwa-20190504-P5040006.jpg 1200w, https:\/\/www.land-water-blog.de\/wp-content\/uploads\/2019\/05\/lwa-20190504-P5040006-300x225.jpg 300w, https:\/\/www.land-water-blog.de\/wp-content\/uploads\/2019\/05\/lwa-20190504-P5040006-768x576.jpg 768w, https:\/\/www.land-water-blog.de\/wp-content\/uploads\/2019\/05\/lwa-20190504-P5040006-644x483.jpg 644w\" sizes=\"auto, (max-width: 1200px) 100vw, 1200px\" \/><\/p>","protected":false},"excerpt":{"rendered":"<p>Wisst ihr was? LWA gibt es auch mal (fast) ohne Wasser. Selten, das geben wir zu. Ok, sehr selten. Aber ab und an kommt das vor und wir reisen nicht, um zu paddeln. Sondern um vom Paddeln (und Packen) zu erz\u00e4hlen. So zum Beispiel an einem verl\u00e4ngerten Wochenende Anfang Mai 2019. Da war Sebastian n\u00e4mlich zwischen Slowenien und Leipzig unterwegs, von der Sonne in den Schnee und zwischen Expeditionsworkshop und Expeditionsvortrag.<\/p>","protected":false},"author":2,"featured_media":1200,"comment_status":"open","ping_status":"open","sticky":false,"template":"","format":"standard","meta":{"footnotes":""},"categories":[34],"tags":[30,22,70],"class_list":["post-1164","post","type-post","status-publish","format-standard","has-post-thumbnail","hentry","category-events","tag-island","tag-soca","tag-vortraege"],"_links":{"self":[{"href":"https:\/\/www.land-water-blog.de\/en\/wp-json\/wp\/v2\/posts\/1164","targetHints":{"allow":["GET"]}}],"collection":[{"href":"https:\/\/www.land-water-blog.de\/en\/wp-json\/wp\/v2\/posts"}],"about":[{"href":"https:\/\/www.land-water-blog.de\/en\/wp-json\/wp\/v2\/types\/post"}],"author":[{"embeddable":true,"href":"https:\/\/www.land-water-blog.de\/en\/wp-json\/wp\/v2\/users\/2"}],"replies":[{"embeddable":true,"href":"https:\/\/www.land-water-blog.de\/en\/wp-json\/wp\/v2\/comments?post=1164"}],"version-history":[{"count":15,"href":"https:\/\/www.land-water-blog.de\/en\/wp-json\/wp\/v2\/posts\/1164\/revisions"}],"predecessor-version":[{"id":1242,"href":"https:\/\/www.land-water-blog.de\/en\/wp-json\/wp\/v2\/posts\/1164\/revisions\/1242"}],"wp:featuredmedia":[{"embeddable":true,"href":"https:\/\/www.land-water-blog.de\/en\/wp-json\/wp\/v2\/media\/1200"}],"wp:attachment":[{"href":"https:\/\/www.land-water-blog.de\/en\/wp-json\/wp\/v2\/media?parent=1164"}],"wp:term":[{"taxonomy":"category","embeddable":true,"href":"https:\/\/www.land-water-blog.de\/en\/wp-json\/wp\/v2\/categories?post=1164"},{"taxonomy":"post_tag","embeddable":true,"href":"https:\/\/www.land-water-blog.de\/en\/wp-json\/wp\/v2\/tags?post=1164"}],"curies":[{"name":"wp","href":"https:\/\/api.w.org\/{rel}","templated":true}]}}