{"id":1066,"date":"2026-02-17T11:25:19","date_gmt":"2026-02-17T10:25:19","guid":{"rendered":"https:\/\/www.land-water-blog.de\/?p=1066"},"modified":"2026-03-05T10:32:43","modified_gmt":"2026-03-05T09:32:43","slug":"lwa-team","status":"publish","type":"post","link":"https:\/\/www.land-water-blog.de\/en\/lwa-team\/","title":{"rendered":"We proudly present: The LWA Team"},"content":{"rendered":"<p class=\" translation-block\">Who are the people behind LWA? In this blog post, we\u2019d like to introduce you to our team members\u2014the heart and soul of LWA. Cora is actually in charge of our social media channels as well as this blog. However, the following profiles of our team members are a collaborative effort that grew out of the LWA team itself. We hope you enjoy reading this and look forward to diving into the waves with you again soon!<\/p>\n\n\n\n<!--more-->\n\n\n\n<p>So here they are\u2014the people behind Land Water Adventures (click on a name to go directly to their profile):<\/p>\n\n\n\n<ul class=\"wp-block-list\">\n<li><a href=\"#yana\">Yana<\/a><\/li>\n\n\n\n<li><a href=\"#willi\" data-type=\"internal\" data-id=\"#willi\">Willi<\/a><\/li>\n\n\n\n<li><a href=\"#johannes\">Johannes<\/a><\/li>\n\n\n\n<li><a href=\"#cora\">Cora <\/a><\/li>\n\n\n\n<li><a href=\"#peter\">Peter<\/a><\/li>\n\n\n\n<li><a href=\"#jochen\">Jochen<\/a><\/li>\n\n\n\n<li><a href=\"#jannis\">Jannis<\/a><\/li>\n\n\n\n<li><a href=\"#andi\">Andi<\/a><\/li>\n\n\n\n<li><a href=\"#sebastian\">Sebastian<\/a><\/li>\n\n\n\n<li><a href=\"#lwa-alumni\">LWA Alumni<\/a><\/li>\n<\/ul>\n\n\n\n<h2 class=\"wp-block-heading\" id=\"yana\">Yana<\/h2>\n\n\n\n<p>We are delighted to have Yana on our team since 2025. A certified kayaking instructor and social media marketing expert, she ran her own kayaking school in her hometown of Zaporizhzhia, Ukraine, before she and her family were forced to flee to Germany in 2022. To our good fortune, Yana then applied to join us and is now an integral part of our guide team for day courses and events on the Nahe River.<\/p>\n\n\n\n<figure class=\"wp-block-image size-large is-resized\"><img loading=\"lazy\" decoding=\"async\" width=\"644\" height=\"483\" src=\"https:\/\/www.land-water-blog.de\/wp-content\/uploads\/2026\/02\/lwa-20250628-141941-2400px-644x483.jpg\" alt=\"Team-Mitglied Yana im Packraft\" class=\"wp-image-4148\" style=\"aspect-ratio:1.3333872533160789;width:816px;height:auto\" srcset=\"https:\/\/www.land-water-blog.de\/wp-content\/uploads\/2026\/02\/lwa-20250628-141941-2400px-644x483.jpg 644w, https:\/\/www.land-water-blog.de\/wp-content\/uploads\/2026\/02\/lwa-20250628-141941-2400px-300x225.jpg 300w, https:\/\/www.land-water-blog.de\/wp-content\/uploads\/2026\/02\/lwa-20250628-141941-2400px-768x576.jpg 768w, https:\/\/www.land-water-blog.de\/wp-content\/uploads\/2026\/02\/lwa-20250628-141941-2400px-1536x1152.jpg 1536w, https:\/\/www.land-water-blog.de\/wp-content\/uploads\/2026\/02\/lwa-20250628-141941-2400px-2048x1536.jpg 2048w, https:\/\/www.land-water-blog.de\/wp-content\/uploads\/2026\/02\/lwa-20250628-141941-2400px-1140x855.jpg 1140w\" sizes=\"auto, (max-width: 644px) 100vw, 644px\" \/><\/figure>\n\n\n\n<p>During the 2025 day course seasin and at the <a href=\"https:\/\/www.land-water-blog.de\/saisonabschluss-der-lwa-community-2025\/\" data-type=\"post\" data-id=\"4048\">season finale event in September<\/a> Yana has already been a huge help to us and has been a wonderful addition to our team with her energy and cheerful disposition. On <a href=\"https:\/\/www.land-water-adventures.com\/de\/team\/profil-yana\" target=\"_blank\" rel=\"noreferrer noopener\">Yana's team profile on the website<\/a> she introduces herself a bit, and you'll find some photos from her travels.<\/p>\n\n\n\n<h2 class=\"wp-block-heading\" id=\"willi\">Willi<\/h2>\n\n\n\n<p>Willi has been part of the LWA team since the summer of 2023, and we\u2019re thrilled to have this friendly, athletic, and adventurous educator join us as another guide for our day and multi-day courses. By the summer of 2024, Willi has already led the expedition tour alongside Jannis on the <a href=\"https:\/\/www.land-water-blog.de\/wp-content\/uploads\/2025\/01\/LWA-20240715-IMG_4647-2400px.jpg\" data-type=\"attachment\" data-id=\"4026\">tour to the Arctic Circle and took fantastic photos there<\/a> . He also occasionally joins our team of guides for the Alpine whitewater courses.<\/p>\n\n\n\n<figure class=\"wp-block-image size-full\"><img loading=\"lazy\" decoding=\"async\" width=\"1200\" height=\"750\" src=\"https:\/\/www.land-water-blog.de\/wp-content\/uploads\/2024\/06\/lwa-team-willi-09.jpg\" alt=\"Willi \u00a9 Land Water Adventures\" class=\"wp-image-3301\" srcset=\"https:\/\/www.land-water-blog.de\/wp-content\/uploads\/2024\/06\/lwa-team-willi-09.jpg 1200w, https:\/\/www.land-water-blog.de\/wp-content\/uploads\/2024\/06\/lwa-team-willi-09-300x188.jpg 300w, https:\/\/www.land-water-blog.de\/wp-content\/uploads\/2024\/06\/lwa-team-willi-09-644x403.jpg 644w, https:\/\/www.land-water-blog.de\/wp-content\/uploads\/2024\/06\/lwa-team-willi-09-768x480.jpg 768w, https:\/\/www.land-water-blog.de\/wp-content\/uploads\/2024\/06\/lwa-team-willi-09-18x12.jpg 18w, https:\/\/www.land-water-blog.de\/wp-content\/uploads\/2024\/06\/lwa-team-willi-09-1140x713.jpg 1140w\" sizes=\"auto, (max-width: 1200px) 100vw, 1200px\" \/><\/figure>\n\n\n\n<p>Willi has already picked up another superpower: baking pizza in a wood-fired oven, which he does without a warm-up phase during <a href=\"https:\/\/www.land-water-blog.de\/saisonabschluss-2023\/\" data-type=\"post\" data-id=\"2897\">our Anniversary Season Finale <\/a>as demonstrated in September 2023. This is evident in his ability to convey skills and a sense of well-being in a very friendly and positive manner.<\/p>\n\n\n\n<p>You can find more about Willi, including photos of him hiking and paddling in his packraft, on his <a href=\"https:\/\/www.land-water-adventures.com\/en\/team\/profile-willi\" target=\"_blank\" rel=\"noreferrer noopener\">profile<\/a>.<\/p>\n\n\n\n<h2 class=\"wp-block-heading\" id=\"johannes\">Johannes<\/h2>\n\n\n\n<p>We\u2019d like to introduce you to Johannes, who has been part of the LWA team since spring 2019.<\/p>\n\n\n\n<p>For the first time Johannes and Sebastian crossed paths in the Thuringian Forest in 2012, LWA didn't exist yet, but sympathy did. And now, a few years later, we are happy to welcome the Laplander of choice and meanwhile experienced outdoor guide, who is not unaffected by the subject of packing rafting, to our team.<\/p>\n\n\n<div class=\"wp-block-image\">\n<figure class=\"alignleft\"><img loading=\"lazy\" decoding=\"async\" width=\"2400\" height=\"1500\" src=\"https:\/\/www.land-water-blog.de\/wp-content\/uploads\/2019\/03\/lwa-20210724-123233-2400px.jpg\" alt=\"Johannes im blauen Packraft auf der Nahe\" class=\"wp-image-2197\" srcset=\"https:\/\/www.land-water-blog.de\/wp-content\/uploads\/2019\/03\/lwa-20210724-123233-2400px.jpg 2400w, https:\/\/www.land-water-blog.de\/wp-content\/uploads\/2019\/03\/lwa-20210724-123233-2400px-300x188.jpg 300w, https:\/\/www.land-water-blog.de\/wp-content\/uploads\/2019\/03\/lwa-20210724-123233-2400px-644x403.jpg 644w, https:\/\/www.land-water-blog.de\/wp-content\/uploads\/2019\/03\/lwa-20210724-123233-2400px-768x480.jpg 768w, https:\/\/www.land-water-blog.de\/wp-content\/uploads\/2019\/03\/lwa-20210724-123233-2400px-1536x960.jpg 1536w, https:\/\/www.land-water-blog.de\/wp-content\/uploads\/2019\/03\/lwa-20210724-123233-2400px-2048x1280.jpg 2048w, https:\/\/www.land-water-blog.de\/wp-content\/uploads\/2019\/03\/lwa-20210724-123233-2400px-18x12.jpg 18w\" sizes=\"auto, (max-width: 2400px) 100vw, 2400px\" \/><\/figure>\n<\/div>\n\n\n<p>He accepted his first assignment with LWA at the <a href=\"https:\/\/www.land-water-blog.de\/hunsrueck-willkommen-im-sueden\/\" target=\"_blank\" rel=\"noopener\">early summer Easter-Hunsr\u00fcck tour,<\/a> since the end of this tour he wears the LWA-Hoodie. After that, he guided our guests through the Tyrolean whitewater and, in the summer of 2022, with the <a href=\"https:\/\/www.land-water-adventures.com\/de\/touren-kurse\/tageskurse\/saale\">Saale river <\/a>added a brand-new day-trip destination to our offerings.<\/p>\n\n\n\n<p>You can find more about Johannes, including photos from the far north, around the campfire, and in whitewater, on his <a href=\"https:\/\/land-water-adventures.com\/de\/team\/profil-johannes\" target=\"_blank\" rel=\"noopener\">profile<\/a>.<\/p>\n\n\n\n<h2 class=\"wp-block-heading\" id=\"cora\">Cora<\/h2>\n\n\n\n<p>Behind the social media channels\u2014and now also behind the back office and much of the communication with participants\u2014is Cora, an enthusiastic packrafter and former outdoor blogger who, whether wearing a whitewater helmet or not, is always out and about with a cheerful smile.<\/p>\n\n\n\n<p>She first came to the Nahe River in the summer of 2016 for a day of packrafting, then returned again in late summer\u2014this time with her own boat\u2014and decided to stay. She stayed with packrafting and with us. She started out on a casual basis, and since January 2021, much to LWA\u2019s delight, she\u2019s been a permanent employee.<\/p>\n\n\n\n<figure class=\"wp-block-image size-full\"><img loading=\"lazy\" decoding=\"async\" width=\"1200\" height=\"750\" src=\"https:\/\/www.land-water-blog.de\/wp-content\/uploads\/2024\/06\/lwa-team-cora-01.jpg\" alt=\"Cora in den Wellen der Isar \u00a9 Land Water Adventures\" class=\"wp-image-3302\" srcset=\"https:\/\/www.land-water-blog.de\/wp-content\/uploads\/2024\/06\/lwa-team-cora-01.jpg 1200w, https:\/\/www.land-water-blog.de\/wp-content\/uploads\/2024\/06\/lwa-team-cora-01-300x188.jpg 300w, https:\/\/www.land-water-blog.de\/wp-content\/uploads\/2024\/06\/lwa-team-cora-01-644x403.jpg 644w, https:\/\/www.land-water-blog.de\/wp-content\/uploads\/2024\/06\/lwa-team-cora-01-768x480.jpg 768w, https:\/\/www.land-water-blog.de\/wp-content\/uploads\/2024\/06\/lwa-team-cora-01-18x12.jpg 18w, https:\/\/www.land-water-blog.de\/wp-content\/uploads\/2024\/06\/lwa-team-cora-01-1140x713.jpg 1140w\" sizes=\"auto, (max-width: 1200px) 100vw, 1200px\" \/><\/figure>\n\n\n\n<p class=\" translation-block\">She combines her enthusiasm with plenty of positive energy and professionalism, and since summer 2017 has been responsible for our <a href=\"https:\/\/www.facebook.com\/lw.adventures\/\" target=\"_blank\" rel=\"noopener\">Facebook page<\/a>, for <a href=\"https:\/\/www.instagram.com\/landwateradventures\/\" target=\"\u201c_blank\u201d\" rel=\"noopener\">Instagram<\/a>, this ever-growing blog, and everything related to web marketing\u2014both in-house and in collaboration with our partners. Through her time at LWA and her comprehensive training and management of the back office, Cora has become a key partner in corporate development, particularly in terms of our public image.<\/p>\n\n\n\n<p class=\" translation-block\">And if you\u2019re lucky, you might even find her lounging in the LWA hammock during <a href=\"https:\/\/www.land-water-blog.de\/multiday-packrafting\/\" target=\"_blank\" rel=\"noopener\">a class<\/a>, with her eye on you for her next Instagram post. Not only there, but also online, you\u2019ll notice that Cora is always approachable in her typically friendly and cheerful manner.<\/p>\n\n\n\n<p>You can find out more about Cora\u2014and, for once, see pictures of her herself, both inside and outside the packraft\u2014at <a href=\"https:\/\/www.land-water-adventures.com\/en\/team\/profile-cora\">her team profile<\/a>.<\/p>\n\n\n\n<h2 class=\"wp-block-heading\" id=\"peter\">Peter<\/h2>\n\n\n\n<p>Next up on the LWA team, we\u2019d like to introduce you to Peter.<\/p>\n\n\n\n<p class=\" translation-block\">We first met Peter in 2014, when he was preparing for the upcoming 600-km Laponia expedition by taking a <a href=\"https:\/\/www.land-water-adventures.com\/en\/trainings-expeditions\/soca\" target=\"_blank\" rel=\"noopener\">whitewater packrafting course on the Soca River<\/a>. We knew we wanted this expedition-experienced, professional, and fun powerhouse on our team. And Peter wanted to join us, too.<\/p>\n\n\n\n<figure class=\"wp-block-image size-full\"><img loading=\"lazy\" decoding=\"async\" width=\"1200\" height=\"750\" src=\"https:\/\/www.land-water-blog.de\/wp-content\/uploads\/2024\/06\/lwa-team-peter-15.jpg\" alt=\"\" class=\"wp-image-3306\" srcset=\"https:\/\/www.land-water-blog.de\/wp-content\/uploads\/2024\/06\/lwa-team-peter-15.jpg 1200w, https:\/\/www.land-water-blog.de\/wp-content\/uploads\/2024\/06\/lwa-team-peter-15-300x188.jpg 300w, https:\/\/www.land-water-blog.de\/wp-content\/uploads\/2024\/06\/lwa-team-peter-15-644x403.jpg 644w, https:\/\/www.land-water-blog.de\/wp-content\/uploads\/2024\/06\/lwa-team-peter-15-768x480.jpg 768w, https:\/\/www.land-water-blog.de\/wp-content\/uploads\/2024\/06\/lwa-team-peter-15-18x12.jpg 18w, https:\/\/www.land-water-blog.de\/wp-content\/uploads\/2024\/06\/lwa-team-peter-15-1140x713.jpg 1140w\" sizes=\"auto, (max-width: 1200px) 100vw, 1200px\" \/><\/figure>\n\n\n\n<p class=\" translation-block\">He\u2019s been part of the team since early 2017, and whether <a href=\"https:\/\/www.land-water-blog.de\/saisonabschluss-2017-nahe\/\" target=\"_self\">his paddle breaks<\/a>, he comes face-to-face with bears, or he\u2019s saddled with a second backpack, Peter just kicks it into high gear and won\u2019t let anything stop him. Just make sure there are always enough calories nearby\u2014preferably in the form of white chocolate.<\/p>\n\n\n\n<p>Despite his strength and years of expedition experience, Peter is a level-headed and empathetic person and guide who is always one of the first to step in when someone needs help or support. He guides our participants with calmness, friendliness, and the occasional witty remark.<\/p>\n\n\n\n<p class=\" translation-block\">You met him earlier this year in the <a href=\"https:\/\/www.land-water-adventures.com\/en\/trainings-expeditions\/hunsrueck\" target=\"_self\">Hunsr\u00fcck<\/a>, and, just like in 2018, he joined us again in 2019 on our <a href=\"https:\/\/www.land-water-blog.de\/island-expedition -2018\/\" target=\"_self\">Iceland expedition. <\/a><\/p>\n\n\n\n<p class=\" translation-block\">You can find out more about Peter, see photos of him in the boat, and check out his selfies taken north of the Arctic Circle on <a href=\"https:\/\/www.land-water-adventures.com\/en\/team\/profile-peter\" target=\"_self\">his guide profile.<\/a><\/p>\n\n\n\n<h2 class=\"wp-block-heading\" id=\"jochen\">Jochen<\/h2>\n\n\n<div class=\"wp-block-image\">\n<figure class=\"alignright size-full\"><img loading=\"lazy\" decoding=\"async\" width=\"2400\" height=\"1350\" src=\"https:\/\/www.land-water-blog.de\/wp-content\/uploads\/2019\/03\/lwa-20210705-161157-2400px.jpg\" alt=\"Jochen im roten Packraft auf dem Exepditionskurs Schweden\" class=\"wp-image-2199\" srcset=\"https:\/\/www.land-water-blog.de\/wp-content\/uploads\/2019\/03\/lwa-20210705-161157-2400px.jpg 2400w, https:\/\/www.land-water-blog.de\/wp-content\/uploads\/2019\/03\/lwa-20210705-161157-2400px-300x169.jpg 300w, https:\/\/www.land-water-blog.de\/wp-content\/uploads\/2019\/03\/lwa-20210705-161157-2400px-644x362.jpg 644w, https:\/\/www.land-water-blog.de\/wp-content\/uploads\/2019\/03\/lwa-20210705-161157-2400px-768x432.jpg 768w, https:\/\/www.land-water-blog.de\/wp-content\/uploads\/2019\/03\/lwa-20210705-161157-2400px-1536x864.jpg 1536w, https:\/\/www.land-water-blog.de\/wp-content\/uploads\/2019\/03\/lwa-20210705-161157-2400px-2048x1152.jpg 2048w, https:\/\/www.land-water-blog.de\/wp-content\/uploads\/2019\/03\/lwa-20210705-161157-2400px-18x10.jpg 18w\" sizes=\"auto, (max-width: 2400px) 100vw, 2400px\" \/><\/figure>\n<\/div>\n\n\n<p class=\" translation-block\">We\u2019d like to introduce Jochen, one of our longest-serving guides on the LWA team. With his calm, reliable, knowledgeable, and always friendly demeanor, Jochen has been guiding participants through the <a href=\"https:\/\/www.land-water-adventures.com\/de\/ touren-kurse\/hunsrueck#video\" target=\"_blank\" rel=\"noopener\">intensive Hunsr\u00fcck days<\/a> for many years, and it\u2019s hard to imagine the day courses and events along the Nahe without him.<\/p>\n\n\n\n<p class=\" translation-block\">Jochen has been with us since 2014 and was part of the <a href=\"https:\/\/www.land-water-blog.de\/ first-hunsr\u00fcck-crossing-with-backpack-and-boat-3-day-adventure-land-river-trekking\/\" target=\"_blank\" rel=\"noopener\">very first Hunsr\u00fcck tour<\/a> and has been there ever since whenever anyone needs help; many of the great participant photos are his doing (sorry, hat!), and when no one has any chocolate left, Jochen always has some to share.<\/p>\n\n\n\n<p class=\" translation-block\">He\u2019s a master at using a GPS device, and if you look away for just a moment, you might find him hanging upside down from a rock face, fishing for a geocache. You can find out more about Jochen and see some photos of him without his hat on his <a href=\"https:\/\/www.land-water-adventures.com\/en\/team\/profile-jochen\" target=\"_self\">guide profile on the website.<\/p>\n\n\n\n<p><\/p>\n\n\n\n<h2 class=\"wp-block-heading\" id=\"jannis\">Jannis<\/h2>\n\n\n\n<p class=\" translation-block\">We\u2019d like to introduce you to Jannis, one of our guides for expeditions and multi-day courses, who is completely at home in <a href=\"https:\/\/www.land-water-blog.de\/expeditionstour-polarkreis-laponia-2018\/\" target=\"_self\">rough terrain<\/a> and in whitewater with plenty of gear.<\/p>\n\n\n\n<p class=\" translation-block\">Sebastian and Jannis first met during their wilderness guide training. By chance, they found themselves back together\u2014this time with Peter\u2014on the Soca River, and somehow it became clear that they shouldn\u2019t ignore this connection. In the summer of 2023, he was on the road with Sebastian and the participants of this special <a href=\"https:\/\/www.land-water-blog.de\/kanada23\/\" data-type=\"\u201cpost\u201d\" data-id=\"\u201c2969\u201d\" target=\"_self\">expedition in Canada.<\/a><\/p>\n\n\n\n<p>Jannis is a natural-born guide, uniquely combining a laid-back, fun, and authentic personality with professionalism, outdoor expertise, and seemingly boundless energy in the great outdoors.<\/p>\n\n\n<div class=\"wp-block-image\">\n<figure class=\"alignleft size-full\"><img loading=\"lazy\" decoding=\"async\" width=\"2400\" height=\"1800\" src=\"https:\/\/www.land-water-blog.de\/wp-content\/uploads\/2019\/03\/lwa-20211015-133935-2400px.jpg\" alt=\"Jannis im roten Packraft bei der Hunsr\u00fcck Tour\" class=\"wp-image-2200\" srcset=\"https:\/\/www.land-water-blog.de\/wp-content\/uploads\/2019\/03\/lwa-20211015-133935-2400px.jpg 2400w, https:\/\/www.land-water-blog.de\/wp-content\/uploads\/2019\/03\/lwa-20211015-133935-2400px-300x225.jpg 300w, https:\/\/www.land-water-blog.de\/wp-content\/uploads\/2019\/03\/lwa-20211015-133935-2400px-644x483.jpg 644w, https:\/\/www.land-water-blog.de\/wp-content\/uploads\/2019\/03\/lwa-20211015-133935-2400px-768x576.jpg 768w, https:\/\/www.land-water-blog.de\/wp-content\/uploads\/2019\/03\/lwa-20211015-133935-2400px-1536x1152.jpg 1536w, https:\/\/www.land-water-blog.de\/wp-content\/uploads\/2019\/03\/lwa-20211015-133935-2400px-2048x1536.jpg 2048w, https:\/\/www.land-water-blog.de\/wp-content\/uploads\/2019\/03\/lwa-20211015-133935-2400px-16x12.jpg 16w\" sizes=\"auto, (max-width: 2400px) 100vw, 2400px\" \/><\/figure>\n<\/div>\n\n\n<p>Even after the longest day of trekking, he still sets up his fishing gear\u2014unless he\u2019s got his binoculars up to his eyes, watching birds. Because no matter how heavy his backpack is, that kilogram of glass and metal is indispensable.<\/p>\n\n\n\n<p class=\" translation-block\">Jannis always has his hands full, but once we\u2019re on the road, he\u2019s always approachable, brimming with curiosity and ideas, and\u2014as a biologist and a walking encyclopedia of bird life\u2014he\u2019s a very likable and engaging companion for our multi-day and expedition participants. You can find out more about Jannis and see photos of him with and without his binoculars on <a href=\"https:\/\/www.land-water-adventures.com\/en\/team\/profile-jannis\" target=\"_self\">his guide profile.<\/a><\/p>\n\n\n\n<h2 class=\"wp-block-heading\" id=\"moni\">Andi<\/h2>\n\n\n\n<p>We\u2019d like to introduce you to Andi, our whitewater expert on the LWA team. We first met Andi during his time as a whitewater instructor for the wilderness guide training program. And because he\u2019s such a great guy, we\u2019ve stayed in touch ever since LWA was founded.<\/p>\n\n\n\n<p>Andi is Nordic through and through\u2014you won\u2019t get to know him in five minutes, but you\u2019ll quickly come to appreciate his fair, reliable, and respectful nature. And, of course, his unique North German sense of humor.<\/p>\n\n\n\n<p class=\" translation-block\">And anyway, you haven\u2019t really met Andi until you\u2019ve been <a href=\"https:\/\/www.land-water-blog.de\/paddelspass-soca\/\" target=\"_self\">out on the water<\/a> with him. That\u2019s where he really comes alive, that\u2019s where he feels at home, and even after decades of whitewater paddling, his eyes still sparkle when he spots a special wave. And what\u2019s truly special is that, with his own enthusiasm, he can convey the joy of precise paddling to everyone there\u2014from beginners to experienced paddlers.<\/p>\n\n\n<div class=\"wp-block-image\">\n<figure class=\"alignleft size-full\"><img loading=\"lazy\" decoding=\"async\" width=\"1200\" height=\"750\" src=\"https:\/\/www.land-water-blog.de\/wp-content\/uploads\/2019\/03\/lwa-20180828-P8280276.jpg\" alt=\"Andi Wildwasser Packrafting Soca \u00a9 Land Water Adventures\" class=\"wp-image-1079\" srcset=\"https:\/\/www.land-water-blog.de\/wp-content\/uploads\/2019\/03\/lwa-20180828-P8280276.jpg 1200w, https:\/\/www.land-water-blog.de\/wp-content\/uploads\/2019\/03\/lwa-20180828-P8280276-300x188.jpg 300w, https:\/\/www.land-water-blog.de\/wp-content\/uploads\/2019\/03\/lwa-20180828-P8280276-768x480.jpg 768w, https:\/\/www.land-water-blog.de\/wp-content\/uploads\/2019\/03\/lwa-20180828-P8280276-644x403.jpg 644w\" sizes=\"auto, (max-width: 1200px) 100vw, 1200px\" \/><\/figure>\n<\/div>\n\n\n<p>For a long time, he was a lone kayaker \ud83d\ude09 until he took a fling in a rubber boat, which then turned into a serious relationship. You can sense his experience on the world\u2019s most challenging rivers\u2014which he\u2019s already conquered in a kayak\u2014in this excellent, delicate whitewater technician. It\u2019s no coincidence that we talk internally about the mysterious \u201cAndi lines\u201d: certain routes through the difficult sections open up only for him.<\/p>\n\n\n\n<p class=\" translation-block\">Andi, along with Sebastian, is the founder of the <a href=\"https:\/\/www.land-water-adventures.com\/en\/trainings-expeditions\/soca\" target=\"_blank\" rel=\"noopener\">whitewater packrafting courses on the Soca River<\/a> and the mastermind behind many of the crazy routes and ideas we consistently offer our whitewater participants. Over the years of packrafting, the two have also become good friends off the river and often head out onto the water together, <a href=\"https:\/\/www.land-water-blog.de\/soca-advanced-2018\/\" target=\"_self\">no matter where it comes from.<\/a><\/p>\n\n\n\n<p class=\" translation-block\">You can find out more about Andi\u2014who\u2019s usually by or on the water, or about to jump in\u2014in <a href=\"https:\/\/www.land-water-adventures.com\/en\/team\/profile-andi\" target=\"_self\">his guide profile.<\/a><\/p>\n\n\n\n<h2 class=\"wp-block-heading\" id=\"sebastian\">Sebastian<\/h2>\n\n\n\n<p class=\" translation-block\">Last but not least, we\u2019d like to introduce you to Sebastian, the leader of this colorful group. Sebastian is the founder of LWA and a passionate outdoor enthusiast who has turned his <a href=\"https:\/\/www.zeit.de\/karriere\/beruf\/2017-08\/jobwechsel-mathematik-fraunhofer-institut-adventure-guide\" target=\"_blank\" rel=\"noopener\">passion into a career. <\/a> As a scientist, he spent several years researching currents; now he guides his participants through small and large waves across Slovenia, Iceland, the <a href=\"https:\/\/kajak-magazin.com\/index.php?option=com_content&amp;view=article&amp;id=908: wilder-hunsrueck&amp;catid=65&amp;Itemid=143&amp;lang=de\" target=\"_blank\" rel=\"noopener\">Hunsr\u00fcck,<\/a> and many other beautiful places, all set against stunning backdrops.<\/p>\n\n\n\n<p>Relentless stamina and energy, combined with a deep passion for chocolate and a hearty laugh that\u2019s just as contagious as his enthusiasm for the outdoors and expeditions\u2014that\u2019s what makes Sebastian who he is. By the way, the whole team has caught the chocolate bug, so it\u2019s now an integral part of every tour and a staple on our packing lists.<\/p>\n\n\n<div class=\"wp-block-image\">\n<figure class=\"aligncenter size-full\"><img loading=\"lazy\" decoding=\"async\" width=\"600\" height=\"450\" src=\"https:\/\/www.land-water-blog.de\/wp-content\/uploads\/2019\/03\/lwa-20190414-121355-P4140591-600px.jpg\" alt=\"\" class=\"wp-image-1270\" srcset=\"https:\/\/www.land-water-blog.de\/wp-content\/uploads\/2019\/03\/lwa-20190414-121355-P4140591-600px.jpg 600w, https:\/\/www.land-water-blog.de\/wp-content\/uploads\/2019\/03\/lwa-20190414-121355-P4140591-600px-300x225.jpg 300w\" sizes=\"auto, (max-width: 600px) 100vw, 600px\" \/><\/figure>\n<\/div>\n\n\n<p>Seine gro\u00dfe Abenteuerlust kombiniert er mit einer sorgf\u00e4ltigen, verantwortungsvollen Vorbereitung, so dass immer wieder neue spannende Touren entstehen, auf die wir uns freuen k\u00f6nnen. Und glaubt blo\u00df nicht, dass er auf der Route einen Berg auslassen w\u00fcrde. Denn sieht Sebastian einen, will er hinauf &#8211; davon kann der ein oder die andere von euch bestimmt Geschichten erz\u00e4hlen. \ud83d\ude09 Bei aller Professionalit\u00e4t kommt der Spa\u00df auch nicht zu kurz und es werden immer mal wieder Anekdoten seiner bisherigen Erlebnisse oder aber auch mal die <a rel=\"noopener\" href=\"https:\/\/www.land-water-blog.de\/soca-advanced-2018\/\" target=\"_blank\">Ukulele<\/a> ausgepackt.<\/p>\n\n\n\n<p class=\" translation-block\">You can find more from Sebastian\u2014set against a backdrop of remote wilderness, a hammock, and a ukulele\u2014on <a href=\"https:\/\/www.land-water-adventures.com\/en\/team\/profile-sebastian\" target=\"_self\">his profile.<\/a><\/p>\n\n\n\n<div style=\"height:40px\" aria-hidden=\"true\" class=\"wp-block-spacer\"><\/div>\n\n\n\n<h2 class=\"wp-block-heading\" id=\"lwa-alumni\">LWA Alumni<\/h2>\n\n\n\n<h3 class=\"wp-block-heading\" id=\"moni\">Moni (until 2020)<\/h3>\n\n\n\n<div class=\"wp-block-media-text has-media-on-the-right is-stacked-on-mobile\"><div class=\"wp-block-media-text__content\">\n<p>Moni has always been the life of the party, and since 2017, with her boundless energy and signature cheerful disposition\u2014not to mention her seemingly endless supply of chocolate\u2014she has quickly become an indispensable part of the team.<\/p>\n\n\n\n<p>Unfortunately, Moni is no longer part of the LWA team as of 2020. We would like to take this opportunity to thank her for her dedication to LWA and for the great collaboration, and we wish her all the best for the future!<\/p>\n<\/div><figure class=\"wp-block-media-text__media\"><img loading=\"lazy\" decoding=\"async\" width=\"300\" height=\"225\" src=\"https:\/\/www.land-water-blog.de\/wp-content\/uploads\/2018\/08\/lwa-20180609-165631-2400px-300x225.jpg\" alt=\"Unicorn on whitewater \u00a9 Land Water Adventures\" class=\"wp-image-585 size-full\" srcset=\"https:\/\/www.land-water-blog.de\/wp-content\/uploads\/2018\/08\/lwa-20180609-165631-2400px-300x225.jpg 300w, https:\/\/www.land-water-blog.de\/wp-content\/uploads\/2018\/08\/lwa-20180609-165631-2400px-768x576.jpg 768w, https:\/\/www.land-water-blog.de\/wp-content\/uploads\/2018\/08\/lwa-20180609-165631-2400px-644x483.jpg 644w\" sizes=\"auto, (max-width: 300px) 100vw, 300px\" \/><\/figure><\/div>\n\n\n\n<p><\/p>\n\n\n\n<h3 class=\"wp-block-heading\" id=\"andi\">Susanne (until 2023)<\/h3>\n\n\n\n<div class=\"wp-block-media-text has-media-on-the-right is-stacked-on-mobile\"><div class=\"wp-block-media-text__content\">\n<p>We are grateful to Susanne for her many years of ideas.<\/p>\n\n\n\n<p>Her important work in the field of nature conservation continues to have a lasting impact on and within LWA. The tours in the Bavarian Forest and in Albania are the result of Susanne\u2019s ideas, enthusiasm, and dedication, and we are especially grateful to her for that.<\/p>\n\n\n\n<p>We wish Susanne all the best for her future career, which is sure to be filled with enthusiasm!<\/p>\n<\/div><figure class=\"wp-block-media-text__media\"><img loading=\"lazy\" decoding=\"async\" width=\"300\" height=\"200\" src=\"https:\/\/www.land-water-blog.de\/wp-content\/uploads\/2024\/05\/lwa-208M0A0466-800px-300x200.jpg\" alt=\"\" class=\"wp-image-3255 size-full\" srcset=\"https:\/\/www.land-water-blog.de\/wp-content\/uploads\/2024\/05\/lwa-208M0A0466-800px-300x200.jpg 300w, https:\/\/www.land-water-blog.de\/wp-content\/uploads\/2024\/05\/lwa-208M0A0466-800px-644x429.jpg 644w, https:\/\/www.land-water-blog.de\/wp-content\/uploads\/2024\/05\/lwa-208M0A0466-800px-768x512.jpg 768w, https:\/\/www.land-water-blog.de\/wp-content\/uploads\/2024\/05\/lwa-208M0A0466-800px-18x12.jpg 18w, https:\/\/www.land-water-blog.de\/wp-content\/uploads\/2024\/05\/lwa-208M0A0466-800px.jpg 800w\" sizes=\"auto, (max-width: 300px) 100vw, 300px\" \/><\/figure><\/div>\n\n\n\n<p><\/p>","protected":false},"excerpt":{"rendered":"<p class=\" translation-block\">Who are the people behind LWA? In this blog post, we\u2019d like to introduce you to our team members\u2014the heart and soul of LWA. Cora is actually in charge of our social media channels as well as this blog. However, the following profiles of our team members are a collaborative effort that grew out of the LWA team itself. We hope you enjoy reading this and look forward to diving into the waves with you again soon!<\/p>","protected":false},"author":2,"featured_media":4160,"comment_status":"open","ping_status":"open","sticky":false,"template":"","format":"standard","meta":{"footnotes":""},"categories":[9],"tags":[69],"class_list":["post-1066","post","type-post","status-publish","format-standard","has-post-thumbnail","hentry","category-behind-the-scences","tag-lwa-team"],"_links":{"self":[{"href":"https:\/\/www.land-water-blog.de\/en\/wp-json\/wp\/v2\/posts\/1066","targetHints":{"allow":["GET"]}}],"collection":[{"href":"https:\/\/www.land-water-blog.de\/en\/wp-json\/wp\/v2\/posts"}],"about":[{"href":"https:\/\/www.land-water-blog.de\/en\/wp-json\/wp\/v2\/types\/post"}],"author":[{"embeddable":true,"href":"https:\/\/www.land-water-blog.de\/en\/wp-json\/wp\/v2\/users\/2"}],"replies":[{"embeddable":true,"href":"https:\/\/www.land-water-blog.de\/en\/wp-json\/wp\/v2\/comments?post=1066"}],"version-history":[{"count":63,"href":"https:\/\/www.land-water-blog.de\/en\/wp-json\/wp\/v2\/posts\/1066\/revisions"}],"predecessor-version":[{"id":4158,"href":"https:\/\/www.land-water-blog.de\/en\/wp-json\/wp\/v2\/posts\/1066\/revisions\/4158"}],"wp:featuredmedia":[{"embeddable":true,"href":"https:\/\/www.land-water-blog.de\/en\/wp-json\/wp\/v2\/media\/4160"}],"wp:attachment":[{"href":"https:\/\/www.land-water-blog.de\/en\/wp-json\/wp\/v2\/media?parent=1066"}],"wp:term":[{"taxonomy":"category","embeddable":true,"href":"https:\/\/www.land-water-blog.de\/en\/wp-json\/wp\/v2\/categories?post=1066"},{"taxonomy":"post_tag","embeddable":true,"href":"https:\/\/www.land-water-blog.de\/en\/wp-json\/wp\/v2\/tags?post=1066"}],"curies":[{"name":"wp","href":"https:\/\/api.w.org\/{rel}","templated":true}]}}